{"id":15516,"date":"2022-12-13T14:58:29","date_gmt":"2022-12-13T13:58:29","guid":{"rendered":"https:\/\/agora.xtec.cat\/esc-joaquimruyra-blanes\/?p=15516"},"modified":"2022-12-13T14:58:29","modified_gmt":"2022-12-13T13:58:29","slug":"taller-de-contes-a-infantil","status":"publish","type":"post","link":"https:\/\/agora.xtec.cat\/esc-joaquimruyra-blanes\/general\/taller-de-contes-a-infantil\/","title":{"rendered":"Taller de CONTES a Infantil"},"content":{"rendered":"<p>Benvolgudes fam\u00edlies,<\/p>\n<p>Al llarg d&#8217;aquestes primeres sessions de tallers, els infants de tot infantil han pogut gaudir d&#8217;una estona compartida endinsant-se en el m\u00e0gic m\u00f3n dels contes. En aquesta ocasi\u00f3, el conte sobre la formiga Faliga ens ha perm\u00e8s treballar els valors de l&#8217;esfor\u00e7 i de l&#8217;amistat d&#8217;una manera divertida. Juntament amb la protagonista, hem apr\u00e8s i hem plantejat diferents solucions als problemes que anaven apareixent. Hem pensat quina seria la millor forma d&#8217;ajudar-la gr\u00e0cies a la nostra imaginaci\u00f3.<\/p>\n<p>A m\u00e9s a m\u00e9s, hem realitzat una manualitat amb l&#8217;ajuda dels companys en la qual hem creat amb plastilina la formiga protagonista del conte i alguns altres elements per poder reproduir-lo a casa i poder-lo compartir amb les fam\u00edlies.<\/p>\n<p>A continuaci\u00f3 podreu veure un breu resum d&#8217;aquestes sessions.<\/p>\n<p><iframe loading=\"lazy\" title=\"Taller Contes\" width=\"500\" height=\"281\" src=\"https:\/\/www.youtube.com\/embed\/WntVtwPOPlY?feature=oembed\" frameborder=\"0\" allow=\"accelerometer; autoplay; clipboard-write; encrypted-media; gyroscope; picture-in-picture; web-share\" referrerpolicy=\"strict-origin-when-cross-origin\" allowfullscreen><\/iframe><\/p>\n","protected":false},"excerpt":{"rendered":"<p>Benvolgudes fam\u00edlies,<br \/>\nAl llarg d&#8217;aquestes primeres sessions de tallers, els infants de tot infantil han pogut gaudir d&#8217;una estona compartida endinsant-se en el m\u00e0gic m\u00f3n dels contes. En aquesta ocasi\u00f3, el conte sobre la formiga Faliga ens ha perm\u00e8s treballar els valors de l&#8217;esfor\u00e7 i de&hellip;  <a href=\"https:\/\/agora.xtec.cat\/esc-joaquimruyra-blanes\/general\/taller-de-contes-a-infantil\/\" title=\"Read Taller de CONTES a Infantil\">Llegeix m\u00e9s\u00bb<\/a><\/p>\n","protected":false},"author":1,"featured_media":15530,"comment_status":"closed","ping_status":"closed","sticky":false,"template":"","format":"standard","meta":{"_bbp_topic_count":0,"_bbp_reply_count":0,"_bbp_total_topic_count":0,"_bbp_total_reply_count":0,"_bbp_voice_count":0,"_bbp_anonymous_reply_count":0,"_bbp_topic_count_hidden":0,"_bbp_reply_count_hidden":0,"_bbp_forum_subforum_count":0,"footnotes":""},"categories":[216,1,195,196,197,32,4],"tags":[],"class_list":["post-15516","post","type-post","status-publish","format-standard","has-post-thumbnail","hentry","category-curs-2022-2023","category-general","category-i3","category-p4","category-p5","category-infantil","category-portada"],"post_mailing_queue_ids":[],"_links":{"self":[{"href":"https:\/\/agora.xtec.cat\/esc-joaquimruyra-blanes\/wp-json\/wp\/v2\/posts\/15516","targetHints":{"allow":["GET"]}}],"collection":[{"href":"https:\/\/agora.xtec.cat\/esc-joaquimruyra-blanes\/wp-json\/wp\/v2\/posts"}],"about":[{"href":"https:\/\/agora.xtec.cat\/esc-joaquimruyra-blanes\/wp-json\/wp\/v2\/types\/post"}],"author":[{"embeddable":true,"href":"https:\/\/agora.xtec.cat\/esc-joaquimruyra-blanes\/wp-json\/wp\/v2\/users\/1"}],"replies":[{"embeddable":true,"href":"https:\/\/agora.xtec.cat\/esc-joaquimruyra-blanes\/wp-json\/wp\/v2\/comments?post=15516"}],"version-history":[{"count":2,"href":"https:\/\/agora.xtec.cat\/esc-joaquimruyra-blanes\/wp-json\/wp\/v2\/posts\/15516\/revisions"}],"predecessor-version":[{"id":15518,"href":"https:\/\/agora.xtec.cat\/esc-joaquimruyra-blanes\/wp-json\/wp\/v2\/posts\/15516\/revisions\/15518"}],"wp:featuredmedia":[{"embeddable":true,"href":"https:\/\/agora.xtec.cat\/esc-joaquimruyra-blanes\/wp-json\/wp\/v2\/media\/15530"}],"wp:attachment":[{"href":"https:\/\/agora.xtec.cat\/esc-joaquimruyra-blanes\/wp-json\/wp\/v2\/media?parent=15516"}],"wp:term":[{"taxonomy":"category","embeddable":true,"href":"https:\/\/agora.xtec.cat\/esc-joaquimruyra-blanes\/wp-json\/wp\/v2\/categories?post=15516"},{"taxonomy":"post_tag","embeddable":true,"href":"https:\/\/agora.xtec.cat\/esc-joaquimruyra-blanes\/wp-json\/wp\/v2\/tags?post=15516"}],"curies":[{"name":"wp","href":"https:\/\/api.w.org\/{rel}","templated":true}]}}