{"id":15451,"date":"2022-11-18T16:28:11","date_gmt":"2022-11-18T15:28:11","guid":{"rendered":"https:\/\/agora.xtec.cat\/esc-joaquimruyra-blanes\/?p=15451"},"modified":"2022-11-18T16:28:11","modified_gmt":"2022-11-18T15:28:11","slug":"lestrella-de-la-setmana-chloe","status":"publish","type":"post","link":"https:\/\/agora.xtec.cat\/esc-joaquimruyra-blanes\/general\/lestrella-de-la-setmana-chloe\/","title":{"rendered":"L&#8217;ESTRELLA DE LA SETMANA CHLOE!"},"content":{"rendered":"<p><span style=\"font-weight: 400;\">Benvolgudes fam\u00edlies d&#8217;I5,<\/span><\/p>\n<p><span style=\"font-weight: 400;\">Aquesta setmana l\u2019estrella de la setmana ha estat la Chloe. Ens ha explicat experi\u00e8ncies molt interessants que ha viscut amb la fam\u00edlia i amistats a trav\u00e9s d\u2019unes imatges, aix\u00ed com les aficions i les activitats que m\u00e9s li agrada fer, per\u00f2 tamb\u00e9 ens ha explicat molt b\u00e9 com \u00e9s el seu car\u00e0cter i fins i tot, que brilla com un sol. Estava molt contenta i emocionada de poder compartir amb els seus companys i companyes el treball realitzat.<\/span><\/p>\n<p><span style=\"font-weight: 400;\">Felicitats Chloe i fam\u00edlia per la vostra participaci\u00f3!!<\/span><\/p>\n<p><iframe loading=\"lazy\" title=\"CHLOE\" width=\"500\" height=\"281\" src=\"https:\/\/www.youtube.com\/embed\/TT4vKRkBEXc?feature=oembed\" frameborder=\"0\" allow=\"accelerometer; autoplay; clipboard-write; encrypted-media; gyroscope; picture-in-picture; web-share\" referrerpolicy=\"strict-origin-when-cross-origin\" allowfullscreen><\/iframe><\/p>\n<p>&nbsp;<\/p>\n<p>&nbsp;<\/p>\n","protected":false},"excerpt":{"rendered":"<p>Benvolgudes fam\u00edlies d&#8217;I5,<br \/>\nAquesta setmana l\u2019estrella de la setmana ha estat la Chloe. Ens ha explicat experi\u00e8ncies molt interessants que ha viscut amb la fam\u00edlia i amistats a trav\u00e9s d\u2019unes imatges, aix\u00ed com les aficions i les activitats que m\u00e9s li agrada fer, per\u00f2 tamb\u00e9 ens&hellip;  <a href=\"https:\/\/agora.xtec.cat\/esc-joaquimruyra-blanes\/general\/lestrella-de-la-setmana-chloe\/\" title=\"Read L&#8217;ESTRELLA DE LA SETMANA CHLOE!\">Llegeix m\u00e9s\u00bb<\/a><\/p>\n","protected":false},"author":1,"featured_media":15454,"comment_status":"closed","ping_status":"closed","sticky":false,"template":"","format":"standard","meta":{"_bbp_topic_count":0,"_bbp_reply_count":0,"_bbp_total_topic_count":0,"_bbp_total_reply_count":0,"_bbp_voice_count":0,"_bbp_anonymous_reply_count":0,"_bbp_topic_count_hidden":0,"_bbp_reply_count_hidden":0,"_bbp_forum_subforum_count":0,"footnotes":""},"categories":[216,1,197,32,4],"tags":[],"class_list":["post-15451","post","type-post","status-publish","format-standard","has-post-thumbnail","hentry","category-curs-2022-2023","category-general","category-p5","category-infantil","category-portada"],"post_mailing_queue_ids":[],"_links":{"self":[{"href":"https:\/\/agora.xtec.cat\/esc-joaquimruyra-blanes\/wp-json\/wp\/v2\/posts\/15451","targetHints":{"allow":["GET"]}}],"collection":[{"href":"https:\/\/agora.xtec.cat\/esc-joaquimruyra-blanes\/wp-json\/wp\/v2\/posts"}],"about":[{"href":"https:\/\/agora.xtec.cat\/esc-joaquimruyra-blanes\/wp-json\/wp\/v2\/types\/post"}],"author":[{"embeddable":true,"href":"https:\/\/agora.xtec.cat\/esc-joaquimruyra-blanes\/wp-json\/wp\/v2\/users\/1"}],"replies":[{"embeddable":true,"href":"https:\/\/agora.xtec.cat\/esc-joaquimruyra-blanes\/wp-json\/wp\/v2\/comments?post=15451"}],"version-history":[{"count":2,"href":"https:\/\/agora.xtec.cat\/esc-joaquimruyra-blanes\/wp-json\/wp\/v2\/posts\/15451\/revisions"}],"predecessor-version":[{"id":15453,"href":"https:\/\/agora.xtec.cat\/esc-joaquimruyra-blanes\/wp-json\/wp\/v2\/posts\/15451\/revisions\/15453"}],"wp:featuredmedia":[{"embeddable":true,"href":"https:\/\/agora.xtec.cat\/esc-joaquimruyra-blanes\/wp-json\/wp\/v2\/media\/15454"}],"wp:attachment":[{"href":"https:\/\/agora.xtec.cat\/esc-joaquimruyra-blanes\/wp-json\/wp\/v2\/media?parent=15451"}],"wp:term":[{"taxonomy":"category","embeddable":true,"href":"https:\/\/agora.xtec.cat\/esc-joaquimruyra-blanes\/wp-json\/wp\/v2\/categories?post=15451"},{"taxonomy":"post_tag","embeddable":true,"href":"https:\/\/agora.xtec.cat\/esc-joaquimruyra-blanes\/wp-json\/wp\/v2\/tags?post=15451"}],"curies":[{"name":"wp","href":"https:\/\/api.w.org\/{rel}","templated":true}]}}