{"id":15445,"date":"2022-11-18T10:09:47","date_gmt":"2022-11-18T09:09:47","guid":{"rendered":"https:\/\/agora.xtec.cat\/esc-joaquimruyra-blanes\/?p=15445"},"modified":"2022-11-18T10:09:47","modified_gmt":"2022-11-18T09:09:47","slug":"excursio-a-la-fageda","status":"publish","type":"post","link":"https:\/\/agora.xtec.cat\/esc-joaquimruyra-blanes\/general\/excursio-a-la-fageda\/","title":{"rendered":"Excursi\u00f3 a la fageda."},"content":{"rendered":"<p style=\"text-align: left;\">Aquest dijous 17 de novembre l&#8217;alumnat de tercer i quart ha visitat la f\u00e0brica de iogurts &#8220;La fageda&#8221;, hem apr\u00e8s moltes coses interessants. Despr\u00e8s hem dinat a la fageda i hem fet una ruta circular pel bosc per gaudir de l&#8217;entorn natural de la Garrotxa.<\/p>\n<p>Finalment, hem tornat cansats per\u00f2 contents cap a casa!<\/p>\n<p><iframe loading=\"lazy\" title=\"Excursi\u00f3 a la fageda.\" width=\"500\" height=\"281\" src=\"https:\/\/www.youtube.com\/embed\/A1M2n-6pm1Q?feature=oembed\" frameborder=\"0\" allow=\"accelerometer; autoplay; clipboard-write; encrypted-media; gyroscope; picture-in-picture; web-share\" referrerpolicy=\"strict-origin-when-cross-origin\" allowfullscreen><\/iframe><\/p>\n","protected":false},"excerpt":{"rendered":"<p>Aquest dijous 17 de novembre l&#8217;alumnat de tercer i quart ha visitat la f\u00e0brica de iogurts &#8220;La fageda&#8221;, hem apr\u00e8s moltes coses interessants. Despr\u00e8s hem dinat a la fageda i hem fet una ruta circular pel bosc per gaudir de l&#8217;entorn natural de la Garrotxa.<br \/>\nFinalment,&hellip;  <a href=\"https:\/\/agora.xtec.cat\/esc-joaquimruyra-blanes\/general\/excursio-a-la-fageda\/\" title=\"Read Excursi\u00f3 a la fageda.\">Llegeix m\u00e9s\u00bb<\/a><\/p>\n","protected":false},"author":11,"featured_media":15450,"comment_status":"closed","ping_status":"closed","sticky":false,"template":"","format":"standard","meta":{"_bbp_topic_count":0,"_bbp_reply_count":0,"_bbp_total_topic_count":0,"_bbp_total_reply_count":0,"_bbp_voice_count":0,"_bbp_anonymous_reply_count":0,"_bbp_topic_count_hidden":0,"_bbp_reply_count_hidden":0,"_bbp_forum_subforum_count":0,"footnotes":""},"categories":[12,13,216,1,4],"tags":[],"class_list":["post-15445","post","type-post","status-publish","format-standard","has-post-thumbnail","hentry","category-3r","category-4t","category-curs-2022-2023","category-general","category-portada"],"post_mailing_queue_ids":[],"_links":{"self":[{"href":"https:\/\/agora.xtec.cat\/esc-joaquimruyra-blanes\/wp-json\/wp\/v2\/posts\/15445","targetHints":{"allow":["GET"]}}],"collection":[{"href":"https:\/\/agora.xtec.cat\/esc-joaquimruyra-blanes\/wp-json\/wp\/v2\/posts"}],"about":[{"href":"https:\/\/agora.xtec.cat\/esc-joaquimruyra-blanes\/wp-json\/wp\/v2\/types\/post"}],"author":[{"embeddable":true,"href":"https:\/\/agora.xtec.cat\/esc-joaquimruyra-blanes\/wp-json\/wp\/v2\/users\/11"}],"replies":[{"embeddable":true,"href":"https:\/\/agora.xtec.cat\/esc-joaquimruyra-blanes\/wp-json\/wp\/v2\/comments?post=15445"}],"version-history":[{"count":3,"href":"https:\/\/agora.xtec.cat\/esc-joaquimruyra-blanes\/wp-json\/wp\/v2\/posts\/15445\/revisions"}],"predecessor-version":[{"id":15449,"href":"https:\/\/agora.xtec.cat\/esc-joaquimruyra-blanes\/wp-json\/wp\/v2\/posts\/15445\/revisions\/15449"}],"wp:featuredmedia":[{"embeddable":true,"href":"https:\/\/agora.xtec.cat\/esc-joaquimruyra-blanes\/wp-json\/wp\/v2\/media\/15450"}],"wp:attachment":[{"href":"https:\/\/agora.xtec.cat\/esc-joaquimruyra-blanes\/wp-json\/wp\/v2\/media?parent=15445"}],"wp:term":[{"taxonomy":"category","embeddable":true,"href":"https:\/\/agora.xtec.cat\/esc-joaquimruyra-blanes\/wp-json\/wp\/v2\/categories?post=15445"},{"taxonomy":"post_tag","embeddable":true,"href":"https:\/\/agora.xtec.cat\/esc-joaquimruyra-blanes\/wp-json\/wp\/v2\/tags?post=15445"}],"curies":[{"name":"wp","href":"https:\/\/api.w.org\/{rel}","templated":true}]}}