{"id":15414,"date":"2022-11-04T16:20:47","date_gmt":"2022-11-04T15:20:47","guid":{"rendered":"https:\/\/agora.xtec.cat\/esc-joaquimruyra-blanes\/?p=15414"},"modified":"2022-11-04T16:20:47","modified_gmt":"2022-11-04T15:20:47","slug":"comencem-els-tallers-a-infantil","status":"publish","type":"post","link":"https:\/\/agora.xtec.cat\/esc-joaquimruyra-blanes\/general\/comencem-els-tallers-a-infantil\/","title":{"rendered":"COMENCEM  ELS TALLERS A INFANTIL!!"},"content":{"rendered":"<p><span style=\"font-weight: 400;\">Estimades fam\u00edlies d\u2019infantil,<\/span><\/p>\n<p><span style=\"font-weight: 400;\">Tal i com es fa informar a inici de curs, aquest mes d\u2019octubre hem engegat els tallers internivells a infantil. Es tracta d\u2019una metodologia activa, que permet als infants establir vincles, aprendre a relacionar-se amb els altres i compartir experi\u00e8ncies a partir de les diferents propostes.\u00a0<\/span><\/p>\n<p><span style=\"font-weight: 400;\">Aquest trimestre, disposem de sis tallers, distribu\u00efts en diferents espais de l\u2019escola.\u00a0<\/span><\/p>\n<p><span style=\"font-weight: 400;\">Els tallers que treballem s\u00f3n: Art, cuina i restaurant, contes, moviment, m\u00fasica i experimentaci\u00f3 i natura.<\/span><\/p>\n<p><span style=\"font-weight: 400;\">A continuaci\u00f3 us presentem una pinzellada dels diferents espais, esperem que ho gaudiu tant com nosaltres.<\/span><\/p>\n<p><span style=\"font-weight: 400;\">Les mestres d\u2019infantil.<\/span><\/p>\n<p><iframe loading=\"lazy\" title=\"TALLERS A INFANTIL\" width=\"500\" height=\"281\" src=\"https:\/\/www.youtube.com\/embed\/QJQaAd2LU4s?feature=oembed\" frameborder=\"0\" allow=\"accelerometer; autoplay; clipboard-write; encrypted-media; gyroscope; picture-in-picture; web-share\" referrerpolicy=\"strict-origin-when-cross-origin\" allowfullscreen><\/iframe><\/p>\n","protected":false},"excerpt":{"rendered":"<p>Estimades fam\u00edlies d\u2019infantil,<br \/>\nTal i com es fa informar a inici de curs, aquest mes d\u2019octubre hem engegat els tallers internivells a infantil. Es tracta d\u2019una metodologia activa, que permet als infants establir vincles, aprendre a relacionar-se amb els altres i compartir experi\u00e8ncies a partir de&hellip;  <a href=\"https:\/\/agora.xtec.cat\/esc-joaquimruyra-blanes\/general\/comencem-els-tallers-a-infantil\/\" title=\"Read COMENCEM  ELS TALLERS A INFANTIL!!\">Llegeix m\u00e9s\u00bb<\/a><\/p>\n","protected":false},"author":1,"featured_media":15427,"comment_status":"closed","ping_status":"closed","sticky":false,"template":"","format":"standard","meta":{"_bbp_topic_count":0,"_bbp_reply_count":0,"_bbp_total_topic_count":0,"_bbp_total_reply_count":0,"_bbp_voice_count":0,"_bbp_anonymous_reply_count":0,"_bbp_topic_count_hidden":0,"_bbp_reply_count_hidden":0,"_bbp_forum_subforum_count":0,"footnotes":""},"categories":[216,1,195,196,197,32,4],"tags":[],"class_list":["post-15414","post","type-post","status-publish","format-standard","has-post-thumbnail","hentry","category-curs-2022-2023","category-general","category-i3","category-p4","category-p5","category-infantil","category-portada"],"post_mailing_queue_ids":[],"_links":{"self":[{"href":"https:\/\/agora.xtec.cat\/esc-joaquimruyra-blanes\/wp-json\/wp\/v2\/posts\/15414","targetHints":{"allow":["GET"]}}],"collection":[{"href":"https:\/\/agora.xtec.cat\/esc-joaquimruyra-blanes\/wp-json\/wp\/v2\/posts"}],"about":[{"href":"https:\/\/agora.xtec.cat\/esc-joaquimruyra-blanes\/wp-json\/wp\/v2\/types\/post"}],"author":[{"embeddable":true,"href":"https:\/\/agora.xtec.cat\/esc-joaquimruyra-blanes\/wp-json\/wp\/v2\/users\/1"}],"replies":[{"embeddable":true,"href":"https:\/\/agora.xtec.cat\/esc-joaquimruyra-blanes\/wp-json\/wp\/v2\/comments?post=15414"}],"version-history":[{"count":2,"href":"https:\/\/agora.xtec.cat\/esc-joaquimruyra-blanes\/wp-json\/wp\/v2\/posts\/15414\/revisions"}],"predecessor-version":[{"id":15426,"href":"https:\/\/agora.xtec.cat\/esc-joaquimruyra-blanes\/wp-json\/wp\/v2\/posts\/15414\/revisions\/15426"}],"wp:featuredmedia":[{"embeddable":true,"href":"https:\/\/agora.xtec.cat\/esc-joaquimruyra-blanes\/wp-json\/wp\/v2\/media\/15427"}],"wp:attachment":[{"href":"https:\/\/agora.xtec.cat\/esc-joaquimruyra-blanes\/wp-json\/wp\/v2\/media?parent=15414"}],"wp:term":[{"taxonomy":"category","embeddable":true,"href":"https:\/\/agora.xtec.cat\/esc-joaquimruyra-blanes\/wp-json\/wp\/v2\/categories?post=15414"},{"taxonomy":"post_tag","embeddable":true,"href":"https:\/\/agora.xtec.cat\/esc-joaquimruyra-blanes\/wp-json\/wp\/v2\/tags?post=15414"}],"curies":[{"name":"wp","href":"https:\/\/api.w.org\/{rel}","templated":true}]}}