{"id":15402,"date":"2022-10-29T15:11:58","date_gmt":"2022-10-29T13:11:58","guid":{"rendered":"https:\/\/agora.xtec.cat\/esc-joaquimruyra-blanes\/?p=15402"},"modified":"2022-10-29T15:11:58","modified_gmt":"2022-10-29T13:11:58","slug":"la-castanyada","status":"publish","type":"post","link":"https:\/\/agora.xtec.cat\/esc-joaquimruyra-blanes\/general\/la-castanyada\/","title":{"rendered":"LA CASTANYADA"},"content":{"rendered":"<p>Ha arribat la tardor, aquest any amb molta calor, per\u00f2 no ens ha tret les ganes de celebrar-ho amb molta germanor.<\/p>\n<p>Aquest divendres ens hem agermanat ( I3-3r, 1r-6\u00e8, I4-4t, I5-2n-5\u00e8 ).<\/p>\n<p>Al mat\u00ed hem realitzat una manualitat relacionada amb la tardor i amb algun tret de Halloween i\u00a0 les paperines per la tarda. Ens hem conegut els uns\u00a0 als altres i despr\u00e9s de la vergonya inicial ens ho hem passat pipa!<\/p>\n<p>A la tarda hem mantingut els grups d&#8217;agermanament, hem baixat al pati i ens hem posat per rotllanes.<\/p>\n<p>L&#8217;alumnat de sis\u00e8, vestit de castanyers i castanyeres, han repartit les castanyes que aquest any ens ha\u00a0 torrat &#8220;l&#8217;equip de castanyers i castanyeres de l&#8217;AMPA&#8221;. Des d&#8217;aqu\u00ed aprofitem per donar les gr\u00e0cies i dir que est\u00e0vem bon\u00edssimes.<\/p>\n<p>Us deixem un recull de les activitats fetes. Esperem que us agradin!!!<\/p>\n<p>Mat\u00ed:<\/p>\n<p><iframe loading=\"lazy\" title=\"28 de octubre de 2022\" width=\"500\" height=\"281\" src=\"https:\/\/www.youtube.com\/embed\/_XW12kQFg6o?feature=oembed\" frameborder=\"0\" allow=\"accelerometer; autoplay; clipboard-write; encrypted-media; gyroscope; picture-in-picture; web-share\" referrerpolicy=\"strict-origin-when-cross-origin\" allowfullscreen><\/iframe><\/p>\n<p>&nbsp;<\/p>\n<p>Tarda:<\/p>\n<p><iframe loading=\"lazy\" title=\"28 de octubre de 2022\" width=\"500\" height=\"281\" src=\"https:\/\/www.youtube.com\/embed\/qGn2gBbItQU?feature=oembed\" frameborder=\"0\" allow=\"accelerometer; autoplay; clipboard-write; encrypted-media; gyroscope; picture-in-picture; web-share\" referrerpolicy=\"strict-origin-when-cross-origin\" allowfullscreen><\/iframe><\/p>\n<p>&nbsp;<\/p>\n<p>&nbsp;<\/p>\n","protected":false},"excerpt":{"rendered":"<p>Ha arribat la tardor, aquest any amb molta calor, per\u00f2 no ens ha tret les ganes de celebrar-ho amb molta germanor.<br \/>\nAquest divendres ens hem agermanat ( I3-3r, 1r-6\u00e8, I4-4t, I5-2n-5\u00e8 ).<br \/>\nAl mat\u00ed hem realitzat una manualitat relacionada amb la tardor i amb algun tret de&hellip;  <a href=\"https:\/\/agora.xtec.cat\/esc-joaquimruyra-blanes\/general\/la-castanyada\/\" title=\"Read LA CASTANYADA\">Llegeix m\u00e9s\u00bb<\/a><\/p>\n","protected":false},"author":11,"featured_media":15408,"comment_status":"closed","ping_status":"closed","sticky":false,"template":"","format":"standard","meta":{"_bbp_topic_count":0,"_bbp_reply_count":0,"_bbp_total_topic_count":0,"_bbp_total_reply_count":0,"_bbp_voice_count":0,"_bbp_anonymous_reply_count":0,"_bbp_topic_count_hidden":0,"_bbp_reply_count_hidden":0,"_bbp_forum_subforum_count":0,"footnotes":""},"categories":[216,1,32,4,39],"tags":[],"class_list":["post-15402","post","type-post","status-publish","format-standard","has-post-thumbnail","hentry","category-curs-2022-2023","category-general","category-infantil","category-portada","category-primaria"],"post_mailing_queue_ids":[],"_links":{"self":[{"href":"https:\/\/agora.xtec.cat\/esc-joaquimruyra-blanes\/wp-json\/wp\/v2\/posts\/15402","targetHints":{"allow":["GET"]}}],"collection":[{"href":"https:\/\/agora.xtec.cat\/esc-joaquimruyra-blanes\/wp-json\/wp\/v2\/posts"}],"about":[{"href":"https:\/\/agora.xtec.cat\/esc-joaquimruyra-blanes\/wp-json\/wp\/v2\/types\/post"}],"author":[{"embeddable":true,"href":"https:\/\/agora.xtec.cat\/esc-joaquimruyra-blanes\/wp-json\/wp\/v2\/users\/11"}],"replies":[{"embeddable":true,"href":"https:\/\/agora.xtec.cat\/esc-joaquimruyra-blanes\/wp-json\/wp\/v2\/comments?post=15402"}],"version-history":[{"count":3,"href":"https:\/\/agora.xtec.cat\/esc-joaquimruyra-blanes\/wp-json\/wp\/v2\/posts\/15402\/revisions"}],"predecessor-version":[{"id":15407,"href":"https:\/\/agora.xtec.cat\/esc-joaquimruyra-blanes\/wp-json\/wp\/v2\/posts\/15402\/revisions\/15407"}],"wp:featuredmedia":[{"embeddable":true,"href":"https:\/\/agora.xtec.cat\/esc-joaquimruyra-blanes\/wp-json\/wp\/v2\/media\/15408"}],"wp:attachment":[{"href":"https:\/\/agora.xtec.cat\/esc-joaquimruyra-blanes\/wp-json\/wp\/v2\/media?parent=15402"}],"wp:term":[{"taxonomy":"category","embeddable":true,"href":"https:\/\/agora.xtec.cat\/esc-joaquimruyra-blanes\/wp-json\/wp\/v2\/categories?post=15402"},{"taxonomy":"post_tag","embeddable":true,"href":"https:\/\/agora.xtec.cat\/esc-joaquimruyra-blanes\/wp-json\/wp\/v2\/tags?post=15402"}],"curies":[{"name":"wp","href":"https:\/\/api.w.org\/{rel}","templated":true}]}}