{"id":15397,"date":"2022-11-03T10:33:19","date_gmt":"2022-11-03T09:33:19","guid":{"rendered":"https:\/\/agora.xtec.cat\/esc-joaquimruyra-blanes\/?p=15397"},"modified":"2022-11-03T10:33:33","modified_gmt":"2022-11-03T09:33:33","slug":"els-gegantons-ens-visiten","status":"publish","type":"post","link":"https:\/\/agora.xtec.cat\/esc-joaquimruyra-blanes\/general\/els-gegantons-ens-visiten\/","title":{"rendered":"Els gegantons ens visiten!"},"content":{"rendered":"<p>Hola, fam\u00edlies!<\/p>\n<p>Fa un parell de setmanes vam rebre una visita molt especial: en M\u00e0xim i en Vade Set-Trossos de la colla gegantera de Blanes. Hem apr\u00e8s moltes coses!<\/p>\n<p>Sabeu qu\u00e8? En M\u00e0xim \u00e9s un gegant\u00f3 valent i eixerit. Els manaies de Blanes s\u00f3n els seus padrins i van decidir el seu nom. En Vad\u00f3 Set-Trossos \u00e9s un mariner molt alt i balla fent volar les seves mans enormes i un taur\u00f3 que duu agafat. A m\u00e9s a m\u00e9s, escup aigua pel seu cigarret! \u00c9s un trapella. Sabeu per qu\u00e8 es diu Set-Trossos? Perqu\u00e8 semblava fet a peces quan caminava.<\/p>\n<p>Us animeu a veure&#8217;ls?<\/p>\n<div style=\"width: 1920px;\" class=\"wp-video\"><!--[if lt IE 9]><script>document.createElement('video');<\/script><![endif]-->\n<video class=\"wp-video-shortcode\" id=\"video-15397-1\" width=\"1920\" height=\"1080\" preload=\"metadata\" controls=\"controls\"><source type=\"video\/mp4\" src=\"https:\/\/agora.xtec.cat\/esc-joaquimruyra-blanes\/wp-content\/uploads\/usu757\/2022\/11\/gegantons-comp.-1.mp4?_=1\" \/><a href=\"https:\/\/agora.xtec.cat\/esc-joaquimruyra-blanes\/wp-content\/uploads\/usu757\/2022\/11\/gegantons-comp.-1.mp4\">https:\/\/agora.xtec.cat\/esc-joaquimruyra-blanes\/wp-content\/uploads\/usu757\/2022\/11\/gegantons-comp.-1.mp4<\/a><\/video><\/div>\n","protected":false},"excerpt":{"rendered":"<p>La setmana passada vam rebre una visita molt especial: en M\u00e0xim i en Vad\u00f3 Set-Trossos de la colla gegantera de Blanes.<\/p>\n<p>Us animeu a veure&#8217;ls?<br \/>\n&hellip;  <a href=\"https:\/\/agora.xtec.cat\/esc-joaquimruyra-blanes\/general\/els-gegantons-ens-visiten\/\" title=\"Read Els gegantons ens visiten!\">Llegeix m\u00e9s\u00bb<\/a><\/p>\n","protected":false},"author":40,"featured_media":0,"comment_status":"closed","ping_status":"closed","sticky":false,"template":"","format":"standard","meta":{"_bbp_topic_count":0,"_bbp_reply_count":0,"_bbp_total_topic_count":0,"_bbp_total_reply_count":0,"_bbp_voice_count":0,"_bbp_anonymous_reply_count":0,"_bbp_topic_count_hidden":0,"_bbp_reply_count_hidden":0,"_bbp_forum_subforum_count":0,"footnotes":""},"categories":[216,1,32,4,39],"tags":[],"class_list":["post-15397","post","type-post","status-publish","format-standard","hentry","category-curs-2022-2023","category-general","category-infantil","category-portada","category-primaria"],"post_mailing_queue_ids":[],"_links":{"self":[{"href":"https:\/\/agora.xtec.cat\/esc-joaquimruyra-blanes\/wp-json\/wp\/v2\/posts\/15397","targetHints":{"allow":["GET"]}}],"collection":[{"href":"https:\/\/agora.xtec.cat\/esc-joaquimruyra-blanes\/wp-json\/wp\/v2\/posts"}],"about":[{"href":"https:\/\/agora.xtec.cat\/esc-joaquimruyra-blanes\/wp-json\/wp\/v2\/types\/post"}],"author":[{"embeddable":true,"href":"https:\/\/agora.xtec.cat\/esc-joaquimruyra-blanes\/wp-json\/wp\/v2\/users\/40"}],"replies":[{"embeddable":true,"href":"https:\/\/agora.xtec.cat\/esc-joaquimruyra-blanes\/wp-json\/wp\/v2\/comments?post=15397"}],"version-history":[{"count":3,"href":"https:\/\/agora.xtec.cat\/esc-joaquimruyra-blanes\/wp-json\/wp\/v2\/posts\/15397\/revisions"}],"predecessor-version":[{"id":15413,"href":"https:\/\/agora.xtec.cat\/esc-joaquimruyra-blanes\/wp-json\/wp\/v2\/posts\/15397\/revisions\/15413"}],"wp:attachment":[{"href":"https:\/\/agora.xtec.cat\/esc-joaquimruyra-blanes\/wp-json\/wp\/v2\/media?parent=15397"}],"wp:term":[{"taxonomy":"category","embeddable":true,"href":"https:\/\/agora.xtec.cat\/esc-joaquimruyra-blanes\/wp-json\/wp\/v2\/categories?post=15397"},{"taxonomy":"post_tag","embeddable":true,"href":"https:\/\/agora.xtec.cat\/esc-joaquimruyra-blanes\/wp-json\/wp\/v2\/tags?post=15397"}],"curies":[{"name":"wp","href":"https:\/\/api.w.org\/{rel}","templated":true}]}}