{"id":15328,"date":"2022-10-17T08:34:48","date_gmt":"2022-10-17T06:34:48","guid":{"rendered":"https:\/\/agora.xtec.cat\/esc-joaquimruyra-blanes\/?p=15328"},"modified":"2022-10-17T08:34:48","modified_gmt":"2022-10-17T06:34:48","slug":"lestrella-de-la-setmana-olivia","status":"publish","type":"post","link":"https:\/\/agora.xtec.cat\/esc-joaquimruyra-blanes\/general\/lestrella-de-la-setmana-olivia\/","title":{"rendered":"L&#8217;ESTRELLA DE LA SETMANA! OLIVIA"},"content":{"rendered":"<p><span style=\"font-weight: 400;\">Benvolgudes fam\u00edlies d&#8217;I5,<\/span><\/p>\n<p><span style=\"font-weight: 400;\">Aquest any volem treballar amb m\u00e9s profunditat la intel\u00b7lig\u00e8ncia intrapersonal i la interprersonal amb els vostres fills i filles, a trav\u00e9s de \u201cl\u2019estrella de la setmana\u201d, amb l\u2019objectiu de treballar l\u2019expressi\u00f3 oral i les emocions.<\/span><\/p>\n<p><span style=\"font-weight: 400;\">A continuaci\u00f3 podreu veure l\u2019Olivia, l\u2019estrella de la setmana, on ens explica all\u00f2 que m\u00e9s la caracteritza, aix\u00ed com les seves aficions, el seu car\u00e0cter, el que m\u00e9s li agrada i algunes an\u00e8cdotes o experi\u00e8ncies viscudes que ha volgut compartir amb la resta dels companys i companyes de classe.<\/span><\/p>\n<p><span style=\"font-weight: 400;\">Felicitats Olivia i fam\u00edlia per la vostra participaci\u00f3!<\/span><\/p>\n<p><iframe loading=\"lazy\" title=\"OLIVIA PROTAGONISTA\" width=\"500\" height=\"281\" src=\"https:\/\/www.youtube.com\/embed\/aKAbl0fpZjE?feature=oembed\" frameborder=\"0\" allow=\"accelerometer; autoplay; clipboard-write; encrypted-media; gyroscope; picture-in-picture; web-share\" referrerpolicy=\"strict-origin-when-cross-origin\" allowfullscreen><\/iframe><\/p>\n","protected":false},"excerpt":{"rendered":"<p>Benvolgudes fam\u00edlies d&#8217;I5,<br \/>\nAquest any volem treballar amb m\u00e9s profunditat la intel\u00b7lig\u00e8ncia intrapersonal i la interprersonal amb els vostres fills i filles, a trav\u00e9s de \u201cl\u2019estrella de la setmana\u201d, amb l\u2019objectiu de treballar l\u2019expressi\u00f3 oral i les emocions.<br \/>\nA continuaci\u00f3 podreu veure l\u2019Olivia, l\u2019estrella de la setmana,&hellip;  <a href=\"https:\/\/agora.xtec.cat\/esc-joaquimruyra-blanes\/general\/lestrella-de-la-setmana-olivia\/\" title=\"Read L&#8217;ESTRELLA DE LA SETMANA! OLIVIA\">Llegeix m\u00e9s\u00bb<\/a><\/p>\n","protected":false},"author":1,"featured_media":15335,"comment_status":"closed","ping_status":"closed","sticky":false,"template":"","format":"standard","meta":{"_bbp_topic_count":0,"_bbp_reply_count":0,"_bbp_total_topic_count":0,"_bbp_total_reply_count":0,"_bbp_voice_count":0,"_bbp_anonymous_reply_count":0,"_bbp_topic_count_hidden":0,"_bbp_reply_count_hidden":0,"_bbp_forum_subforum_count":0,"footnotes":""},"categories":[1,197,32,4],"tags":[],"class_list":["post-15328","post","type-post","status-publish","format-standard","has-post-thumbnail","hentry","category-general","category-p5","category-infantil","category-portada"],"post_mailing_queue_ids":[],"_links":{"self":[{"href":"https:\/\/agora.xtec.cat\/esc-joaquimruyra-blanes\/wp-json\/wp\/v2\/posts\/15328","targetHints":{"allow":["GET"]}}],"collection":[{"href":"https:\/\/agora.xtec.cat\/esc-joaquimruyra-blanes\/wp-json\/wp\/v2\/posts"}],"about":[{"href":"https:\/\/agora.xtec.cat\/esc-joaquimruyra-blanes\/wp-json\/wp\/v2\/types\/post"}],"author":[{"embeddable":true,"href":"https:\/\/agora.xtec.cat\/esc-joaquimruyra-blanes\/wp-json\/wp\/v2\/users\/1"}],"replies":[{"embeddable":true,"href":"https:\/\/agora.xtec.cat\/esc-joaquimruyra-blanes\/wp-json\/wp\/v2\/comments?post=15328"}],"version-history":[{"count":2,"href":"https:\/\/agora.xtec.cat\/esc-joaquimruyra-blanes\/wp-json\/wp\/v2\/posts\/15328\/revisions"}],"predecessor-version":[{"id":15334,"href":"https:\/\/agora.xtec.cat\/esc-joaquimruyra-blanes\/wp-json\/wp\/v2\/posts\/15328\/revisions\/15334"}],"wp:featuredmedia":[{"embeddable":true,"href":"https:\/\/agora.xtec.cat\/esc-joaquimruyra-blanes\/wp-json\/wp\/v2\/media\/15335"}],"wp:attachment":[{"href":"https:\/\/agora.xtec.cat\/esc-joaquimruyra-blanes\/wp-json\/wp\/v2\/media?parent=15328"}],"wp:term":[{"taxonomy":"category","embeddable":true,"href":"https:\/\/agora.xtec.cat\/esc-joaquimruyra-blanes\/wp-json\/wp\/v2\/categories?post=15328"},{"taxonomy":"post_tag","embeddable":true,"href":"https:\/\/agora.xtec.cat\/esc-joaquimruyra-blanes\/wp-json\/wp\/v2\/tags?post=15328"}],"curies":[{"name":"wp","href":"https:\/\/api.w.org\/{rel}","templated":true}]}}