{"id":15190,"date":"2022-10-04T09:55:45","date_gmt":"2022-10-04T07:55:45","guid":{"rendered":"https:\/\/agora.xtec.cat\/esc-joaquimruyra-blanes\/?p=15190"},"modified":"2022-10-04T09:55:45","modified_gmt":"2022-10-04T07:55:45","slug":"un-curs-mes","status":"publish","type":"post","link":"https:\/\/agora.xtec.cat\/esc-joaquimruyra-blanes\/general\/un-curs-mes\/","title":{"rendered":"UN CURS M\u00c9S!"},"content":{"rendered":"<p>Benvolgudes fam\u00edlies,<br \/>\nQue r\u00e0pid que han passat aquestes primeres setmanes!<br \/>\nJa tenim el fil a l\u2019agulla i estem treballant molt\u00edssim! Aquest segon curs de prim\u00e0ria, com que seguim la mateixa metodologia i maneres de fer que a primer, est\u00e0 sent m\u00e9s f\u00e0cil l\u2019adaptaci\u00f3.<br \/>\nJa hem comen\u00e7at un projecte nou: \u201cEns fem grans! \u201c relacionat amb el calendari i un projecte de pl\u00e0stica sobre el pintor Herv\u00e9 Tullet. I molt aviat tindrem la primera excursi\u00f3\u2026i no pararem d\u2019aprendre, compartir i gaudir.<br \/>\nUs compartim algunes fotos dels primers dies i el mural dels nostres desitjos per aquest curs.<\/p>\n<p>Us desitgem a tothom un bon curs!<\/p>\n<p><iframe loading=\"lazy\" title=\"Comencem el curs!\" width=\"500\" height=\"281\" src=\"https:\/\/www.youtube.com\/embed\/xDJka2savU4?feature=oembed\" frameborder=\"0\" allow=\"accelerometer; autoplay; clipboard-write; encrypted-media; gyroscope; picture-in-picture; web-share\" referrerpolicy=\"strict-origin-when-cross-origin\" allowfullscreen><\/iframe><\/p>\n","protected":false},"excerpt":{"rendered":"<p>Benvolgudes fam\u00edlies,<br \/>\nQue r\u00e0pid que han passat aquestes primeres setmanes!<br \/>\nJa tenim el fil a l\u2019agulla i estem treballant molt\u00edssim! Aquest segon curs de prim\u00e0ria, com que seguim la mateixa metodologia i maneres de fer que a primer, est\u00e0 sent m\u00e9s f\u00e0cil l\u2019adaptaci\u00f3.<br \/>\nJa hem comen\u00e7at un projecte&hellip;  <a href=\"https:\/\/agora.xtec.cat\/esc-joaquimruyra-blanes\/general\/un-curs-mes\/\" title=\"Read UN CURS M\u00c9S!\">Llegeix m\u00e9s\u00bb<\/a><\/p>\n","protected":false},"author":1,"featured_media":15229,"comment_status":"closed","ping_status":"closed","sticky":false,"template":"","format":"standard","meta":{"_bbp_topic_count":0,"_bbp_reply_count":0,"_bbp_total_topic_count":0,"_bbp_total_reply_count":0,"_bbp_voice_count":0,"_bbp_anonymous_reply_count":0,"_bbp_topic_count_hidden":0,"_bbp_reply_count_hidden":0,"_bbp_forum_subforum_count":0,"footnotes":""},"categories":[216,1,4],"tags":[],"class_list":["post-15190","post","type-post","status-publish","format-standard","has-post-thumbnail","hentry","category-curs-2022-2023","category-general","category-portada"],"post_mailing_queue_ids":[],"_links":{"self":[{"href":"https:\/\/agora.xtec.cat\/esc-joaquimruyra-blanes\/wp-json\/wp\/v2\/posts\/15190","targetHints":{"allow":["GET"]}}],"collection":[{"href":"https:\/\/agora.xtec.cat\/esc-joaquimruyra-blanes\/wp-json\/wp\/v2\/posts"}],"about":[{"href":"https:\/\/agora.xtec.cat\/esc-joaquimruyra-blanes\/wp-json\/wp\/v2\/types\/post"}],"author":[{"embeddable":true,"href":"https:\/\/agora.xtec.cat\/esc-joaquimruyra-blanes\/wp-json\/wp\/v2\/users\/1"}],"replies":[{"embeddable":true,"href":"https:\/\/agora.xtec.cat\/esc-joaquimruyra-blanes\/wp-json\/wp\/v2\/comments?post=15190"}],"version-history":[{"count":3,"href":"https:\/\/agora.xtec.cat\/esc-joaquimruyra-blanes\/wp-json\/wp\/v2\/posts\/15190\/revisions"}],"predecessor-version":[{"id":15233,"href":"https:\/\/agora.xtec.cat\/esc-joaquimruyra-blanes\/wp-json\/wp\/v2\/posts\/15190\/revisions\/15233"}],"wp:featuredmedia":[{"embeddable":true,"href":"https:\/\/agora.xtec.cat\/esc-joaquimruyra-blanes\/wp-json\/wp\/v2\/media\/15229"}],"wp:attachment":[{"href":"https:\/\/agora.xtec.cat\/esc-joaquimruyra-blanes\/wp-json\/wp\/v2\/media?parent=15190"}],"wp:term":[{"taxonomy":"category","embeddable":true,"href":"https:\/\/agora.xtec.cat\/esc-joaquimruyra-blanes\/wp-json\/wp\/v2\/categories?post=15190"},{"taxonomy":"post_tag","embeddable":true,"href":"https:\/\/agora.xtec.cat\/esc-joaquimruyra-blanes\/wp-json\/wp\/v2\/tags?post=15190"}],"curies":[{"name":"wp","href":"https:\/\/api.w.org\/{rel}","templated":true}]}}