{"id":15161,"date":"2022-09-26T15:10:16","date_gmt":"2022-09-26T13:10:16","guid":{"rendered":"https:\/\/agora.xtec.cat\/esc-joaquimruyra-blanes\/?p=15161"},"modified":"2022-09-26T15:10:16","modified_gmt":"2022-09-26T13:10:16","slug":"infancia","status":"publish","type":"post","link":"https:\/\/agora.xtec.cat\/esc-joaquimruyra-blanes\/general\/infancia\/","title":{"rendered":"\u201cINF\u00c0NCIA\u201d"},"content":{"rendered":"<p style=\"text-align: center;\">Benvolgudes fam\u00edlies,<\/p>\n<p>De tant en tant la vida ens d\u00f3na alguna sorpresa inesperada, oi?<\/p>\n<p>Doncs volem compartir una sorpresa molt agradable amb vosaltres.<\/p>\n<p>Un antic alumne de l\u2019escola ha gravat un v\u00eddeo d\u2019una m\u00fasica composada per ell que es diu \u201cInf\u00e0ncia\u201d.<\/p>\n<p>Ens omple d\u2019alegria quan ex-alumnes ens visiten o ens parlen de que recorden el seu pas per l\u2019escola com uns anys d\u2019experi\u00e8ncies boniques, de rebre i donar, de rialles, d\u2019emocions i de viv\u00e8ncies inoblidables. Moltes gr\u00e0cies Llu\u00eds per aquest regal que ens transporta a cada un de nosaltres a la nostra inf\u00e0ncia!<br \/>\n<iframe loading=\"lazy\" title=\"INFANCIA - VIDEOCLIP OFICIAL - Luis Relucio\" width=\"500\" height=\"281\" src=\"https:\/\/www.youtube.com\/embed\/qixZgbqi070?feature=oembed\" frameborder=\"0\" allow=\"accelerometer; autoplay; clipboard-write; encrypted-media; gyroscope; picture-in-picture; web-share\" referrerpolicy=\"strict-origin-when-cross-origin\" allowfullscreen><\/iframe><\/p>\n","protected":false},"excerpt":{"rendered":"<p>Benvolgudes fam\u00edlies,<br \/>\nDe tant en tant la vida ens d\u00f3na alguna sorpresa inesperada, oi?<br \/>\nDoncs volem compartir una sorpresa molt agradable amb vosaltres.<br \/>\nUn antic alumne de l\u2019escola ha gravat un v\u00eddeo d\u2019una m\u00fasica composada per ell que es diu \u201cInf\u00e0ncia\u201d.<br \/>\nEns omple d\u2019alegria quan ex-alumnes ens visiten o&hellip;  <a href=\"https:\/\/agora.xtec.cat\/esc-joaquimruyra-blanes\/general\/infancia\/\" title=\"Read \u201cINF\u00c0NCIA\u201d\">Llegeix m\u00e9s\u00bb<\/a><\/p>\n","protected":false},"author":20,"featured_media":15183,"comment_status":"closed","ping_status":"closed","sticky":false,"template":"","format":"standard","meta":{"_bbp_topic_count":0,"_bbp_reply_count":0,"_bbp_total_topic_count":0,"_bbp_total_reply_count":0,"_bbp_voice_count":0,"_bbp_anonymous_reply_count":0,"_bbp_topic_count_hidden":0,"_bbp_reply_count_hidden":0,"_bbp_forum_subforum_count":0,"footnotes":""},"categories":[216,1,32,4,39],"tags":[],"class_list":["post-15161","post","type-post","status-publish","format-standard","has-post-thumbnail","hentry","category-curs-2022-2023","category-general","category-infantil","category-portada","category-primaria"],"post_mailing_queue_ids":[],"_links":{"self":[{"href":"https:\/\/agora.xtec.cat\/esc-joaquimruyra-blanes\/wp-json\/wp\/v2\/posts\/15161","targetHints":{"allow":["GET"]}}],"collection":[{"href":"https:\/\/agora.xtec.cat\/esc-joaquimruyra-blanes\/wp-json\/wp\/v2\/posts"}],"about":[{"href":"https:\/\/agora.xtec.cat\/esc-joaquimruyra-blanes\/wp-json\/wp\/v2\/types\/post"}],"author":[{"embeddable":true,"href":"https:\/\/agora.xtec.cat\/esc-joaquimruyra-blanes\/wp-json\/wp\/v2\/users\/20"}],"replies":[{"embeddable":true,"href":"https:\/\/agora.xtec.cat\/esc-joaquimruyra-blanes\/wp-json\/wp\/v2\/comments?post=15161"}],"version-history":[{"count":3,"href":"https:\/\/agora.xtec.cat\/esc-joaquimruyra-blanes\/wp-json\/wp\/v2\/posts\/15161\/revisions"}],"predecessor-version":[{"id":15186,"href":"https:\/\/agora.xtec.cat\/esc-joaquimruyra-blanes\/wp-json\/wp\/v2\/posts\/15161\/revisions\/15186"}],"wp:featuredmedia":[{"embeddable":true,"href":"https:\/\/agora.xtec.cat\/esc-joaquimruyra-blanes\/wp-json\/wp\/v2\/media\/15183"}],"wp:attachment":[{"href":"https:\/\/agora.xtec.cat\/esc-joaquimruyra-blanes\/wp-json\/wp\/v2\/media?parent=15161"}],"wp:term":[{"taxonomy":"category","embeddable":true,"href":"https:\/\/agora.xtec.cat\/esc-joaquimruyra-blanes\/wp-json\/wp\/v2\/categories?post=15161"},{"taxonomy":"post_tag","embeddable":true,"href":"https:\/\/agora.xtec.cat\/esc-joaquimruyra-blanes\/wp-json\/wp\/v2\/tags?post=15161"}],"curies":[{"name":"wp","href":"https:\/\/api.w.org\/{rel}","templated":true}]}}