{"id":15048,"date":"2022-06-22T13:22:43","date_gmt":"2022-06-22T11:22:43","guid":{"rendered":"https:\/\/agora.xtec.cat\/esc-joaquimruyra-blanes\/?p=15048"},"modified":"2022-06-22T13:22:43","modified_gmt":"2022-06-22T11:22:43","slug":"els-petits-de-la-vila-donen-vida-al-poble","status":"publish","type":"post","link":"https:\/\/agora.xtec.cat\/esc-joaquimruyra-blanes\/general\/els-petits-de-la-vila-donen-vida-al-poble\/","title":{"rendered":"ELS PETITS DE LA VILA DONEN VIDA AL POBLE"},"content":{"rendered":"<p>Benvolgudes fam\u00edlies, la setmana passada vam agafar el trenet del nostre poble i vam provocar somriures per all\u00e0 on pass\u00e0vem. Els vostres fills i filles saludaven a tothom i la gent del carrer els retornava la salutaci\u00f3 amb alegria!<\/p>\n<p>L&#8217;endem\u00e0 vam sortir a comprar fruita al mercat del Passeig de Dintre (en diuen &#8220;anar a pla\u00e7a&#8221;) i els vostres fills i filles van ser els protagonistes portant el cabasset, els diners i comprant el qu\u00e8 despr\u00e9s vam menjar junts a la fresca de la pla\u00e7a de l&#8217;antic hospital Sant Jaume.<\/p>\n<p>Aqu\u00ed teniu els 2 v\u00eddeos pel record!<\/p>\n<p>Les mestres d&#8217;infantil.<\/p>\n<p><iframe loading=\"lazy\" title=\"AGAFEM EL TRENET\" width=\"500\" height=\"281\" src=\"https:\/\/www.youtube.com\/embed\/lrZJ2N-NQBI?feature=oembed\" frameborder=\"0\" allow=\"accelerometer; autoplay; clipboard-write; encrypted-media; gyroscope; picture-in-picture; web-share\" referrerpolicy=\"strict-origin-when-cross-origin\" allowfullscreen><\/iframe><\/p>\n<p><iframe loading=\"lazy\" title=\"ANEM AL MERCAT!\" width=\"500\" height=\"281\" src=\"https:\/\/www.youtube.com\/embed\/xsZID_GhHXA?feature=oembed\" frameborder=\"0\" allow=\"accelerometer; autoplay; clipboard-write; encrypted-media; gyroscope; picture-in-picture; web-share\" referrerpolicy=\"strict-origin-when-cross-origin\" allowfullscreen><\/iframe><\/p>\n","protected":false},"excerpt":{"rendered":"<p>Benvolgudes fam\u00edlies, la setmana passada vam agafar el trenet del nostre poble i vam provocar somriures per all\u00e0 on pass\u00e0vem. Els vostres fills i filles saludaven a tothom i la gent del carrer els retornava la salutaci\u00f3 amb alegria!<br \/>\nL&#8217;endem\u00e0 vam sortir a comprar fruita al&hellip;  <a href=\"https:\/\/agora.xtec.cat\/esc-joaquimruyra-blanes\/general\/els-petits-de-la-vila-donen-vida-al-poble\/\" title=\"Read ELS PETITS DE LA VILA DONEN VIDA AL POBLE\">Llegeix m\u00e9s\u00bb<\/a><\/p>\n","protected":false},"author":1,"featured_media":15088,"comment_status":"closed","ping_status":"closed","sticky":false,"template":"","format":"standard","meta":{"_bbp_topic_count":0,"_bbp_reply_count":0,"_bbp_total_topic_count":0,"_bbp_total_reply_count":0,"_bbp_voice_count":0,"_bbp_anonymous_reply_count":0,"_bbp_topic_count_hidden":0,"_bbp_reply_count_hidden":0,"_bbp_forum_subforum_count":0,"footnotes":""},"categories":[192,1,195,196,197,32,4],"tags":[],"class_list":["post-15048","post","type-post","status-publish","format-standard","has-post-thumbnail","hentry","category-curs-2021-2022","category-general","category-i3","category-p4","category-p5","category-infantil","category-portada"],"post_mailing_queue_ids":[],"_links":{"self":[{"href":"https:\/\/agora.xtec.cat\/esc-joaquimruyra-blanes\/wp-json\/wp\/v2\/posts\/15048","targetHints":{"allow":["GET"]}}],"collection":[{"href":"https:\/\/agora.xtec.cat\/esc-joaquimruyra-blanes\/wp-json\/wp\/v2\/posts"}],"about":[{"href":"https:\/\/agora.xtec.cat\/esc-joaquimruyra-blanes\/wp-json\/wp\/v2\/types\/post"}],"author":[{"embeddable":true,"href":"https:\/\/agora.xtec.cat\/esc-joaquimruyra-blanes\/wp-json\/wp\/v2\/users\/1"}],"replies":[{"embeddable":true,"href":"https:\/\/agora.xtec.cat\/esc-joaquimruyra-blanes\/wp-json\/wp\/v2\/comments?post=15048"}],"version-history":[{"count":3,"href":"https:\/\/agora.xtec.cat\/esc-joaquimruyra-blanes\/wp-json\/wp\/v2\/posts\/15048\/revisions"}],"predecessor-version":[{"id":15087,"href":"https:\/\/agora.xtec.cat\/esc-joaquimruyra-blanes\/wp-json\/wp\/v2\/posts\/15048\/revisions\/15087"}],"wp:featuredmedia":[{"embeddable":true,"href":"https:\/\/agora.xtec.cat\/esc-joaquimruyra-blanes\/wp-json\/wp\/v2\/media\/15088"}],"wp:attachment":[{"href":"https:\/\/agora.xtec.cat\/esc-joaquimruyra-blanes\/wp-json\/wp\/v2\/media?parent=15048"}],"wp:term":[{"taxonomy":"category","embeddable":true,"href":"https:\/\/agora.xtec.cat\/esc-joaquimruyra-blanes\/wp-json\/wp\/v2\/categories?post=15048"},{"taxonomy":"post_tag","embeddable":true,"href":"https:\/\/agora.xtec.cat\/esc-joaquimruyra-blanes\/wp-json\/wp\/v2\/tags?post=15048"}],"curies":[{"name":"wp","href":"https:\/\/api.w.org\/{rel}","templated":true}]}}