{"id":14979,"date":"2022-06-03T18:06:35","date_gmt":"2022-06-03T16:06:35","guid":{"rendered":"https:\/\/agora.xtec.cat\/esc-joaquimruyra-blanes\/?p=14979"},"modified":"2022-06-03T18:06:35","modified_gmt":"2022-06-03T16:06:35","slug":"sortida-a-marineland-p4","status":"publish","type":"post","link":"https:\/\/agora.xtec.cat\/esc-joaquimruyra-blanes\/general\/sortida-a-marineland-p4\/","title":{"rendered":"SORTIDA A MARINELAND P4"},"content":{"rendered":"<p>&nbsp;<\/p>\n<p><strong>BENVOLGUDES FAM\u00cdLIES DE P4!!!<\/strong><\/p>\n<p><span style=\"font-weight: 400;\">EL PASSAT DIVENDRES ELS NENS I NENES DE P4, \u00a0 VAM GAUDIR DE LA VISITA\u00a0 A\u00a0 MARINELAND.\u00a0 <\/span><\/p>\n<p><span style=\"font-weight: 400;\">VA SER UN DIA INOBLIDABLE I MOLT SIGNIFICATIU, DESPR\u00c9S DE PORTAR A TERME\u00a0 EL PROJECTE DELS DOFINS A L\u2019ESCOLA.\u00a0\u00a0<\/span><\/p>\n<p><span style=\"font-weight: 400;\">DURANT LA VISITA, VAM\u00a0 REALITZAR DIFERENTS ACTIVITATS I\u00a0 VAM CON\u00c8IXER LES DIFERENTS ESP\u00c8CIES MARINES QUE ES TROBEN AL PARC.\u00a0<\/span><\/p>\n<p><span style=\"font-weight: 400;\">L\u2019ELI, BI\u00d2LOGA MARINA, ENS VA EXPLICAR MOLT B\u00c9 QUINES S\u00d3N LES CARACTER\u00cdSTIQUES DELS DOFINS I ENS VA PRESENTAR\u00a0 A EN SILVER, UN DOF\u00cd MOLT SIMP\u00c0TIC, DIVERTIT I MOLT JUGANER. L\u2019ELI, ES VA SORPRENDRE, PERQU\u00c8 SAB\u00cdEM MOLTES COSES DELS DOFINS I MOOOLTES CURIOSITATS!!<\/span><\/p>\n<p><span style=\"font-weight: 400;\">EN ACABAR L\u2019ACTIVITAT VAM ANAR A L\u2019AQUARI A VEURE UNA FAM\u00cdLIA DE LLEONS MARINS, I VAM DESCOBRIR QUE UNA LLEONA TENIA PANXONA, ESTAVA ESPERANT UN LLE\u00d3 MAR\u00cd BEB\u00c9!<\/span><\/p>\n<p><span style=\"font-weight: 400;\">FINALMENT, VAM ANAR A VEURE L\u2019ESPECTACLE DE LLEONS MARINS I DOFINS. AQUESTA\u00a0 VA SER L\u2019ACTIVITAT M\u00c9S ESPERADA I EMOCIONANT!!<\/span><\/p>\n<p><span style=\"font-weight: 400;\">ENS HO VAM PASSAR MOLT B\u00c9 VEIENT LES COREOGRAFIES I ACROB\u00c0CIES DELS DOFINS I ELS LLEONS MARINS!!<\/span><\/p>\n<p><span style=\"font-weight: 400;\">VA SER UN DIA GENIAL I HO RECORDAREM SEMPRE!!<\/span><\/p>\n<p><span style=\"font-weight: 400;\">SI CLIQUEU A LA FOTO ADJUNTA PODEU VISUALITZAR IMATGES DE L\u2019ESTADA AL PARC I LES ACTIVITATS QUE VAM FER.\u00a0<\/span><\/p>\n<p><span style=\"font-weight: 400;\">ANIMEU-VOS A VEURE\u2019L I GAUDIU TANT COM HO HEM FET NOSALTRES!!<\/span><\/p>\n<p>&nbsp;<\/p>\n<p><iframe loading=\"lazy\" title=\"SORTIDA MARINELAND P4\" width=\"500\" height=\"281\" src=\"https:\/\/www.youtube.com\/embed\/8aTQpQSoJTg?feature=oembed\" frameborder=\"0\" allow=\"accelerometer; autoplay; clipboard-write; encrypted-media; gyroscope; picture-in-picture; web-share\" referrerpolicy=\"strict-origin-when-cross-origin\" allowfullscreen><\/iframe><\/p>\n","protected":false},"excerpt":{"rendered":"<p>&nbsp;<br \/>\nBENVOLGUDES FAM\u00cdLIES DE P4!!!<br \/>\nEL PASSAT DIVENDRES ELS NENS I NENES DE P4, \u00a0 VAM GAUDIR DE LA VISITA\u00a0 A\u00a0 MARINELAND.\u00a0<br \/>\nVA SER UN DIA INOBLIDABLE I MOLT SIGNIFICATIU, DESPR\u00c9S DE PORTAR A TERME\u00a0 EL PROJECTE DELS DOFINS A L\u2019ESCOLA.\u00a0\u00a0<br \/>\nDURANT LA VISITA, VAM\u00a0 REALITZAR DIFERENTS ACTIVITATS&hellip;  <a href=\"https:\/\/agora.xtec.cat\/esc-joaquimruyra-blanes\/general\/sortida-a-marineland-p4\/\" title=\"Read SORTIDA A MARINELAND P4\">Llegeix m\u00e9s\u00bb<\/a><\/p>\n","protected":false},"author":1,"featured_media":14982,"comment_status":"closed","ping_status":"closed","sticky":false,"template":"","format":"standard","meta":{"_bbp_topic_count":0,"_bbp_reply_count":0,"_bbp_total_topic_count":0,"_bbp_total_reply_count":0,"_bbp_voice_count":0,"_bbp_anonymous_reply_count":0,"_bbp_topic_count_hidden":0,"_bbp_reply_count_hidden":0,"_bbp_forum_subforum_count":0,"footnotes":""},"categories":[192,1,196,32,4],"tags":[],"class_list":["post-14979","post","type-post","status-publish","format-standard","has-post-thumbnail","hentry","category-curs-2021-2022","category-general","category-p4","category-infantil","category-portada"],"post_mailing_queue_ids":[],"_links":{"self":[{"href":"https:\/\/agora.xtec.cat\/esc-joaquimruyra-blanes\/wp-json\/wp\/v2\/posts\/14979","targetHints":{"allow":["GET"]}}],"collection":[{"href":"https:\/\/agora.xtec.cat\/esc-joaquimruyra-blanes\/wp-json\/wp\/v2\/posts"}],"about":[{"href":"https:\/\/agora.xtec.cat\/esc-joaquimruyra-blanes\/wp-json\/wp\/v2\/types\/post"}],"author":[{"embeddable":true,"href":"https:\/\/agora.xtec.cat\/esc-joaquimruyra-blanes\/wp-json\/wp\/v2\/users\/1"}],"replies":[{"embeddable":true,"href":"https:\/\/agora.xtec.cat\/esc-joaquimruyra-blanes\/wp-json\/wp\/v2\/comments?post=14979"}],"version-history":[{"count":2,"href":"https:\/\/agora.xtec.cat\/esc-joaquimruyra-blanes\/wp-json\/wp\/v2\/posts\/14979\/revisions"}],"predecessor-version":[{"id":14981,"href":"https:\/\/agora.xtec.cat\/esc-joaquimruyra-blanes\/wp-json\/wp\/v2\/posts\/14979\/revisions\/14981"}],"wp:featuredmedia":[{"embeddable":true,"href":"https:\/\/agora.xtec.cat\/esc-joaquimruyra-blanes\/wp-json\/wp\/v2\/media\/14982"}],"wp:attachment":[{"href":"https:\/\/agora.xtec.cat\/esc-joaquimruyra-blanes\/wp-json\/wp\/v2\/media?parent=14979"}],"wp:term":[{"taxonomy":"category","embeddable":true,"href":"https:\/\/agora.xtec.cat\/esc-joaquimruyra-blanes\/wp-json\/wp\/v2\/categories?post=14979"},{"taxonomy":"post_tag","embeddable":true,"href":"https:\/\/agora.xtec.cat\/esc-joaquimruyra-blanes\/wp-json\/wp\/v2\/tags?post=14979"}],"curies":[{"name":"wp","href":"https:\/\/api.w.org\/{rel}","templated":true}]}}