{"id":14900,"date":"2022-05-19T11:31:37","date_gmt":"2022-05-19T09:31:37","guid":{"rendered":"https:\/\/agora.xtec.cat\/esc-joaquimruyra-blanes\/?p=14900"},"modified":"2022-05-19T11:31:37","modified_gmt":"2022-05-19T09:31:37","slug":"audicions-a-p-5","status":"publish","type":"post","link":"https:\/\/agora.xtec.cat\/esc-joaquimruyra-blanes\/general\/audicions-a-p-5\/","title":{"rendered":"Audicions a P-5"},"content":{"rendered":"<p>Benvolgudes fam\u00edlies,<\/p>\n<p>Durant el segon trimestre els vostres fills i filles van poder gaudir d\u2019audicions musicals en directe.<br \/>\nAlguns alumnes d\u2019altres cursos van interpretar algunes melodies i ritmes amb els instruments que toquen.<br \/>\nTamb\u00e9 ens va visitar l\u2019ex alumne de l\u2019escola, Lucas Membrilla, m\u00fasic professional i virtu\u00f3s del sax\u00f2fon. Ens va interpretar una de les can\u00e7ons que nosaltres cantem a manera de jazz, entre d\u2019altres melodies.<br \/>\nFins i tot una alumna de P-5 es va animar a tocar el piano!<br \/>\nUs compartim un v\u00eddeo d\u2019alguns moments de les audicions.<\/p>\n<p><iframe loading=\"lazy\" title=\"Audicions a P5\" width=\"500\" height=\"281\" src=\"https:\/\/www.youtube.com\/embed\/1ZzpblFRD_Y?feature=oembed\" frameborder=\"0\" allow=\"accelerometer; autoplay; clipboard-write; encrypted-media; gyroscope; picture-in-picture; web-share\" referrerpolicy=\"strict-origin-when-cross-origin\" allowfullscreen><\/iframe><\/p>\n","protected":false},"excerpt":{"rendered":"<p>Benvolgudes fam\u00edlies,<br \/>\nDurant el segon trimestre els vostres fills i filles van poder gaudir d\u2019audicions musicals en directe.<br \/>\nAlguns alumnes d\u2019altres cursos van interpretar algunes melodies i ritmes amb els instruments que toquen.<br \/>\nTamb\u00e9 ens va visitar l\u2019ex alumne de l\u2019escola, Lucas Membrilla, m\u00fasic professional i virtu\u00f3s del&hellip;  <a href=\"https:\/\/agora.xtec.cat\/esc-joaquimruyra-blanes\/general\/audicions-a-p-5\/\" title=\"Read Audicions a P-5\">Llegeix m\u00e9s\u00bb<\/a><\/p>\n","protected":false},"author":20,"featured_media":14922,"comment_status":"closed","ping_status":"closed","sticky":false,"template":"","format":"standard","meta":{"_bbp_topic_count":0,"_bbp_reply_count":0,"_bbp_total_topic_count":0,"_bbp_total_reply_count":0,"_bbp_voice_count":0,"_bbp_anonymous_reply_count":0,"_bbp_topic_count_hidden":0,"_bbp_reply_count_hidden":0,"_bbp_forum_subforum_count":0,"footnotes":""},"categories":[192,1,197,32,155,4],"tags":[],"class_list":["post-14900","post","type-post","status-publish","format-standard","has-post-thumbnail","hentry","category-curs-2021-2022","category-general","category-p5","category-infantil","category-covid-19","category-portada"],"post_mailing_queue_ids":[],"_links":{"self":[{"href":"https:\/\/agora.xtec.cat\/esc-joaquimruyra-blanes\/wp-json\/wp\/v2\/posts\/14900","targetHints":{"allow":["GET"]}}],"collection":[{"href":"https:\/\/agora.xtec.cat\/esc-joaquimruyra-blanes\/wp-json\/wp\/v2\/posts"}],"about":[{"href":"https:\/\/agora.xtec.cat\/esc-joaquimruyra-blanes\/wp-json\/wp\/v2\/types\/post"}],"author":[{"embeddable":true,"href":"https:\/\/agora.xtec.cat\/esc-joaquimruyra-blanes\/wp-json\/wp\/v2\/users\/20"}],"replies":[{"embeddable":true,"href":"https:\/\/agora.xtec.cat\/esc-joaquimruyra-blanes\/wp-json\/wp\/v2\/comments?post=14900"}],"version-history":[{"count":2,"href":"https:\/\/agora.xtec.cat\/esc-joaquimruyra-blanes\/wp-json\/wp\/v2\/posts\/14900\/revisions"}],"predecessor-version":[{"id":14921,"href":"https:\/\/agora.xtec.cat\/esc-joaquimruyra-blanes\/wp-json\/wp\/v2\/posts\/14900\/revisions\/14921"}],"wp:featuredmedia":[{"embeddable":true,"href":"https:\/\/agora.xtec.cat\/esc-joaquimruyra-blanes\/wp-json\/wp\/v2\/media\/14922"}],"wp:attachment":[{"href":"https:\/\/agora.xtec.cat\/esc-joaquimruyra-blanes\/wp-json\/wp\/v2\/media?parent=14900"}],"wp:term":[{"taxonomy":"category","embeddable":true,"href":"https:\/\/agora.xtec.cat\/esc-joaquimruyra-blanes\/wp-json\/wp\/v2\/categories?post=14900"},{"taxonomy":"post_tag","embeddable":true,"href":"https:\/\/agora.xtec.cat\/esc-joaquimruyra-blanes\/wp-json\/wp\/v2\/tags?post=14900"}],"curies":[{"name":"wp","href":"https:\/\/api.w.org\/{rel}","templated":true}]}}