{"id":14888,"date":"2022-05-18T12:20:25","date_gmt":"2022-05-18T10:20:25","guid":{"rendered":"https:\/\/agora.xtec.cat\/esc-joaquimruyra-blanes\/?p=14888"},"modified":"2022-05-18T12:27:28","modified_gmt":"2022-05-18T10:27:28","slug":"participacio-families-portes-obertes","status":"publish","type":"post","link":"https:\/\/agora.xtec.cat\/esc-joaquimruyra-blanes\/general\/participacio-families-portes-obertes\/","title":{"rendered":"PARTICIPACI\u00d3 fam\u00edlies Portes obertes"},"content":{"rendered":"<p><a href=\"https:\/\/agora.xtec.cat\/esc-joaquimruyra-blanes\/wp-content\/uploads\/usu757\/2022\/05\/florsfinestres-min-scaled.jpg\"><img loading=\"lazy\" decoding=\"async\" class=\"alignnone size-large wp-image-14890\" src=\"https:\/\/agora.xtec.cat\/esc-joaquimruyra-blanes\/wp-content\/uploads\/usu757\/2022\/05\/florsfinestres-min-1024x768.jpg\" alt=\"\" width=\"1024\" height=\"768\" srcset=\"https:\/\/agora.xtec.cat\/esc-joaquimruyra-blanes\/wp-content\/uploads\/usu757\/2022\/05\/florsfinestres-min-1024x768.jpg 1024w, https:\/\/agora.xtec.cat\/esc-joaquimruyra-blanes\/wp-content\/uploads\/usu757\/2022\/05\/florsfinestres-min-300x225.jpg 300w, https:\/\/agora.xtec.cat\/esc-joaquimruyra-blanes\/wp-content\/uploads\/usu757\/2022\/05\/florsfinestres-min-768x576.jpg 768w, https:\/\/agora.xtec.cat\/esc-joaquimruyra-blanes\/wp-content\/uploads\/usu757\/2022\/05\/florsfinestres-min-1536x1152.jpg 1536w, https:\/\/agora.xtec.cat\/esc-joaquimruyra-blanes\/wp-content\/uploads\/usu757\/2022\/05\/florsfinestres-min-2048x1536.jpg 2048w, https:\/\/agora.xtec.cat\/esc-joaquimruyra-blanes\/wp-content\/uploads\/usu757\/2022\/05\/florsfinestres-min-200x150.jpg 200w\" sizes=\"auto, (max-width: 1024px) 100vw, 1024px\" \/><\/a>Benvolgudes fam\u00edlies,<\/p>\n<p>Ja tenim guanyador del repte: &#8220;Quantes flors tenim a les finestres de l&#8217;escola?&#8221; El guanyador (per aproximaci\u00f3) \u00e9s l&#8217;alumne <strong>Pau M. P\u00e9rez Arana de 1r.<\/strong><\/p>\n<p>Felicitats!!! En breu rebr\u00e0 un obsequi nostre \ud83d\ude09<\/p>\n<p>Aprofitem per agrair a totes les fam\u00edlies la seva participaci\u00f3!!!<\/p>\n<p>\ud83d\ude42 Fins a la propera<\/p>\n<p>&nbsp;<\/p>\n","protected":false},"excerpt":{"rendered":"<p><a href=\"https:\/\/agora.xtec.cat\/esc-joaquimruyra-blanes\/wp-content\/uploads\/usu757\/2022\/05\/florsfinestres-min-scaled.jpg\"><\/a>Benvolgudes fam\u00edlies,<br \/>\nJa tenim guanyador del repte: &#8220;Quantes flors tenim a les finestres de l&#8217;escola?&#8221; El guanyador (per aproximaci\u00f3) \u00e9s l&#8217;alumne Pau M. P\u00e9rez Arana de 1r.<br \/>\nFelicitats!!! En breu rebr\u00e0 un obsequi nostre \ud83d\ude09<br \/>\nAprofitem per agrair a totes les fam\u00edlies la seva participaci\u00f3!!!<br \/>\n\ud83d\ude42 Fins a&hellip;  <a href=\"https:\/\/agora.xtec.cat\/esc-joaquimruyra-blanes\/general\/participacio-families-portes-obertes\/\" title=\"Read PARTICIPACI\u00d3 fam\u00edlies Portes obertes\">Llegeix m\u00e9s\u00bb<\/a><\/p>\n","protected":false},"author":10,"featured_media":14890,"comment_status":"closed","ping_status":"closed","sticky":false,"template":"","format":"standard","meta":{"_bbp_topic_count":0,"_bbp_reply_count":0,"_bbp_total_topic_count":0,"_bbp_total_reply_count":0,"_bbp_voice_count":0,"_bbp_anonymous_reply_count":0,"_bbp_topic_count_hidden":0,"_bbp_reply_count_hidden":0,"_bbp_forum_subforum_count":0,"footnotes":""},"categories":[192,1,32,4,39],"tags":[],"class_list":["post-14888","post","type-post","status-publish","format-standard","has-post-thumbnail","hentry","category-curs-2021-2022","category-general","category-infantil","category-portada","category-primaria"],"post_mailing_queue_ids":[],"_links":{"self":[{"href":"https:\/\/agora.xtec.cat\/esc-joaquimruyra-blanes\/wp-json\/wp\/v2\/posts\/14888","targetHints":{"allow":["GET"]}}],"collection":[{"href":"https:\/\/agora.xtec.cat\/esc-joaquimruyra-blanes\/wp-json\/wp\/v2\/posts"}],"about":[{"href":"https:\/\/agora.xtec.cat\/esc-joaquimruyra-blanes\/wp-json\/wp\/v2\/types\/post"}],"author":[{"embeddable":true,"href":"https:\/\/agora.xtec.cat\/esc-joaquimruyra-blanes\/wp-json\/wp\/v2\/users\/10"}],"replies":[{"embeddable":true,"href":"https:\/\/agora.xtec.cat\/esc-joaquimruyra-blanes\/wp-json\/wp\/v2\/comments?post=14888"}],"version-history":[{"count":3,"href":"https:\/\/agora.xtec.cat\/esc-joaquimruyra-blanes\/wp-json\/wp\/v2\/posts\/14888\/revisions"}],"predecessor-version":[{"id":14892,"href":"https:\/\/agora.xtec.cat\/esc-joaquimruyra-blanes\/wp-json\/wp\/v2\/posts\/14888\/revisions\/14892"}],"wp:featuredmedia":[{"embeddable":true,"href":"https:\/\/agora.xtec.cat\/esc-joaquimruyra-blanes\/wp-json\/wp\/v2\/media\/14890"}],"wp:attachment":[{"href":"https:\/\/agora.xtec.cat\/esc-joaquimruyra-blanes\/wp-json\/wp\/v2\/media?parent=14888"}],"wp:term":[{"taxonomy":"category","embeddable":true,"href":"https:\/\/agora.xtec.cat\/esc-joaquimruyra-blanes\/wp-json\/wp\/v2\/categories?post=14888"},{"taxonomy":"post_tag","embeddable":true,"href":"https:\/\/agora.xtec.cat\/esc-joaquimruyra-blanes\/wp-json\/wp\/v2\/tags?post=14888"}],"curies":[{"name":"wp","href":"https:\/\/api.w.org\/{rel}","templated":true}]}}