{"id":14859,"date":"2022-05-13T21:09:24","date_gmt":"2022-05-13T19:09:24","guid":{"rendered":"https:\/\/agora.xtec.cat\/esc-joaquimruyra-blanes\/?p=14859"},"modified":"2022-05-13T21:09:24","modified_gmt":"2022-05-13T19:09:24","slug":"portes-obertes-2022","status":"publish","type":"post","link":"https:\/\/agora.xtec.cat\/esc-joaquimruyra-blanes\/general\/portes-obertes-2022\/","title":{"rendered":"Portes obertes 2022"},"content":{"rendered":"<p>Hola, fam\u00edlies!<\/p>\n<p>&nbsp;<\/p>\n<p>Aquests \u00faltims dies a l\u2019escola hem estat treballant en el projecte \u201cApadrinem la platja de la Vila\u201d. Tots els cursos han realitzat activitats relacionades amb el mar i la platja.<\/p>\n<p>L\u2019alumnat d\u2019infantil ha apr\u00e8s diferents coses sobre la platja, el port, la sorra de la platja\u2026 amb activitats molt engrescadores.<\/p>\n<p>A cicle inicial han estudiat i investigat com \u00e9s la sorra de la nostra platja.<\/p>\n<p>A cicle mitj\u00e0 han apr\u00e8s com funciona el port i han realitzat un \u00e0lbum fotogr\u00e0fic.<\/p>\n<p>A cicle superior han treballat l\u2019impacte hum\u00e0 en el mar i la contaminaci\u00f3 dels pl\u00e0stics. Han treballat diversos aspectes i han creat infografies per explicar-ho.<\/p>\n<p>&nbsp;<\/p>\n<p>S\u2019ha aprofitat el dia de portes obertes per exposar tot el que l\u2019alumnat ha treballat durant la Setmana del mar i el trimestre.<\/p>\n<p>&nbsp;<\/p>\n<p>Us ha agradat? Segur que s\u00ed!!!<\/p>\n<p><iframe loading=\"lazy\" title=\"Portes obertes 2022\" width=\"500\" height=\"281\" src=\"https:\/\/www.youtube.com\/embed\/nJT4PB_PaNs?feature=oembed\" frameborder=\"0\" allow=\"accelerometer; autoplay; clipboard-write; encrypted-media; gyroscope; picture-in-picture; web-share\" referrerpolicy=\"strict-origin-when-cross-origin\" allowfullscreen><\/iframe><\/p>\n<p>&nbsp;<\/p>\n","protected":false},"excerpt":{"rendered":"<p>Hola, fam\u00edlies!<br \/>\n&nbsp;<br \/>\nAquests \u00faltims dies a l\u2019escola hem estat treballant en el projecte \u201cApadrinem la platja de la Vila\u201d. Tots els cursos han realitzat activitats relacionades amb el mar i la platja.<br \/>\nL\u2019alumnat d\u2019infantil ha apr\u00e8s diferents coses sobre la platja, el port, la sorra de la&hellip;  <a href=\"https:\/\/agora.xtec.cat\/esc-joaquimruyra-blanes\/general\/portes-obertes-2022\/\" title=\"Read Portes obertes 2022\">Llegeix m\u00e9s\u00bb<\/a><\/p>\n","protected":false},"author":11,"featured_media":14864,"comment_status":"closed","ping_status":"closed","sticky":false,"template":"","format":"standard","meta":{"_bbp_topic_count":0,"_bbp_reply_count":0,"_bbp_total_topic_count":0,"_bbp_total_reply_count":0,"_bbp_voice_count":0,"_bbp_anonymous_reply_count":0,"_bbp_topic_count_hidden":0,"_bbp_reply_count_hidden":0,"_bbp_forum_subforum_count":0,"footnotes":""},"categories":[107,192,1,32,4,39],"tags":[],"class_list":["post-14859","post","type-post","status-publish","format-standard","has-post-thumbnail","hentry","category-apadrinem-la-platja-de-la-vila","category-curs-2021-2022","category-general","category-infantil","category-portada","category-primaria"],"post_mailing_queue_ids":[],"_links":{"self":[{"href":"https:\/\/agora.xtec.cat\/esc-joaquimruyra-blanes\/wp-json\/wp\/v2\/posts\/14859","targetHints":{"allow":["GET"]}}],"collection":[{"href":"https:\/\/agora.xtec.cat\/esc-joaquimruyra-blanes\/wp-json\/wp\/v2\/posts"}],"about":[{"href":"https:\/\/agora.xtec.cat\/esc-joaquimruyra-blanes\/wp-json\/wp\/v2\/types\/post"}],"author":[{"embeddable":true,"href":"https:\/\/agora.xtec.cat\/esc-joaquimruyra-blanes\/wp-json\/wp\/v2\/users\/11"}],"replies":[{"embeddable":true,"href":"https:\/\/agora.xtec.cat\/esc-joaquimruyra-blanes\/wp-json\/wp\/v2\/comments?post=14859"}],"version-history":[{"count":3,"href":"https:\/\/agora.xtec.cat\/esc-joaquimruyra-blanes\/wp-json\/wp\/v2\/posts\/14859\/revisions"}],"predecessor-version":[{"id":14865,"href":"https:\/\/agora.xtec.cat\/esc-joaquimruyra-blanes\/wp-json\/wp\/v2\/posts\/14859\/revisions\/14865"}],"wp:featuredmedia":[{"embeddable":true,"href":"https:\/\/agora.xtec.cat\/esc-joaquimruyra-blanes\/wp-json\/wp\/v2\/media\/14864"}],"wp:attachment":[{"href":"https:\/\/agora.xtec.cat\/esc-joaquimruyra-blanes\/wp-json\/wp\/v2\/media?parent=14859"}],"wp:term":[{"taxonomy":"category","embeddable":true,"href":"https:\/\/agora.xtec.cat\/esc-joaquimruyra-blanes\/wp-json\/wp\/v2\/categories?post=14859"},{"taxonomy":"post_tag","embeddable":true,"href":"https:\/\/agora.xtec.cat\/esc-joaquimruyra-blanes\/wp-json\/wp\/v2\/tags?post=14859"}],"curies":[{"name":"wp","href":"https:\/\/api.w.org\/{rel}","templated":true}]}}