{"id":14838,"date":"2022-05-16T15:23:36","date_gmt":"2022-05-16T13:23:36","guid":{"rendered":"https:\/\/agora.xtec.cat\/esc-joaquimruyra-blanes\/?p=14838"},"modified":"2022-05-16T15:24:00","modified_gmt":"2022-05-16T13:24:00","slug":"a-5e-pedalem","status":"publish","type":"post","link":"https:\/\/agora.xtec.cat\/esc-joaquimruyra-blanes\/general\/a-5e-pedalem\/","title":{"rendered":"A 5\u00c8 PEDALEM!"},"content":{"rendered":"<p><span style=\"font-weight: 400;\">Hola fam\u00edlies!<\/span><\/p>\n<p style=\"text-align: justify;\"><span style=\"font-weight: 400;\"><a href=\"https:\/\/agora.xtec.cat\/esc-joaquimruyra-blanes\/wp-content\/uploads\/usu757\/2022\/05\/2022_05_05_21_55_43_803.jpg\"><img loading=\"lazy\" decoding=\"async\" class=\"wp-image-14839 alignleft\" src=\"https:\/\/agora.xtec.cat\/esc-joaquimruyra-blanes\/wp-content\/uploads\/usu757\/2022\/05\/2022_05_05_21_55_43_803-1024x1024.jpg\" alt=\"\" width=\"362\" height=\"362\" srcset=\"https:\/\/agora.xtec.cat\/esc-joaquimruyra-blanes\/wp-content\/uploads\/usu757\/2022\/05\/2022_05_05_21_55_43_803-1024x1024.jpg 1024w, https:\/\/agora.xtec.cat\/esc-joaquimruyra-blanes\/wp-content\/uploads\/usu757\/2022\/05\/2022_05_05_21_55_43_803-300x300.jpg 300w, https:\/\/agora.xtec.cat\/esc-joaquimruyra-blanes\/wp-content\/uploads\/usu757\/2022\/05\/2022_05_05_21_55_43_803-150x150.jpg 150w, https:\/\/agora.xtec.cat\/esc-joaquimruyra-blanes\/wp-content\/uploads\/usu757\/2022\/05\/2022_05_05_21_55_43_803-768x768.jpg 768w, https:\/\/agora.xtec.cat\/esc-joaquimruyra-blanes\/wp-content\/uploads\/usu757\/2022\/05\/2022_05_05_21_55_43_803.jpg 1080w\" sizes=\"auto, (max-width: 362px) 100vw, 362px\" \/><\/a>L\u2019alumnat de 5\u00e8 va participar ahir a la tarda a una activitat organitzada per la policia local.<\/span><\/p>\n<p style=\"text-align: justify;\"><span style=\"font-weight: 400;\">Vam anar en bicicleta fins al circuit tancat que aquests dies es troba darrere l\u2019antic pavell\u00f3. Ens hav\u00edem de fixar molt en tots els senyals (stop, sem\u00e0fors, passos de vianants, prohibit el pas\u2026) per circular correctament. A m\u00e9s a m\u00e9s, ens van avaluar. Quan comet\u00edem alguna infracci\u00f3, els policies ens feien aturar i ens posaven una falta.\u00a0<\/span><\/p>\n<p style=\"text-align: justify;\"><span style=\"font-weight: 400;\">Va ser molt emocionant i vam gaudir molt pedalant!\u00a0 <\/span><span style=\"font-weight: 400;\">Ara ja estem preparats per circular amb la bicicleta pels carrers i carreteres!\u00a0<\/span><\/p>\n<p>&nbsp;<\/p>\n<p>&nbsp;<\/p>\n","protected":false},"excerpt":{"rendered":"<p>Hola fam\u00edlies!<br \/>\n<a href=\"https:\/\/agora.xtec.cat\/esc-joaquimruyra-blanes\/wp-content\/uploads\/usu757\/2022\/05\/2022_05_05_21_55_43_803.jpg\"><\/a>L\u2019alumnat de 5\u00e8 va participar ahir a la tarda a una activitat organitzada per la policia local.<br \/>\nVam anar en bicicleta fins al circuit tancat que aquests dies es troba darrere l\u2019antic pavell\u00f3. Ens hav\u00edem de fixar molt en tots els senyals (stop, sem\u00e0fors,&hellip;  <a href=\"https:\/\/agora.xtec.cat\/esc-joaquimruyra-blanes\/general\/a-5e-pedalem\/\" title=\"Read A 5\u00c8 PEDALEM!\">Llegeix m\u00e9s\u00bb<\/a><\/p>\n","protected":false},"author":40,"featured_media":0,"comment_status":"closed","ping_status":"closed","sticky":false,"template":"","format":"standard","meta":{"_bbp_topic_count":0,"_bbp_reply_count":0,"_bbp_total_topic_count":0,"_bbp_total_reply_count":0,"_bbp_voice_count":0,"_bbp_anonymous_reply_count":0,"_bbp_topic_count_hidden":0,"_bbp_reply_count_hidden":0,"_bbp_forum_subforum_count":0,"footnotes":""},"categories":[14,192,1,4,39],"tags":[],"class_list":["post-14838","post","type-post","status-publish","format-standard","hentry","category-5e","category-curs-2021-2022","category-general","category-portada","category-primaria"],"post_mailing_queue_ids":[],"_links":{"self":[{"href":"https:\/\/agora.xtec.cat\/esc-joaquimruyra-blanes\/wp-json\/wp\/v2\/posts\/14838","targetHints":{"allow":["GET"]}}],"collection":[{"href":"https:\/\/agora.xtec.cat\/esc-joaquimruyra-blanes\/wp-json\/wp\/v2\/posts"}],"about":[{"href":"https:\/\/agora.xtec.cat\/esc-joaquimruyra-blanes\/wp-json\/wp\/v2\/types\/post"}],"author":[{"embeddable":true,"href":"https:\/\/agora.xtec.cat\/esc-joaquimruyra-blanes\/wp-json\/wp\/v2\/users\/40"}],"replies":[{"embeddable":true,"href":"https:\/\/agora.xtec.cat\/esc-joaquimruyra-blanes\/wp-json\/wp\/v2\/comments?post=14838"}],"version-history":[{"count":3,"href":"https:\/\/agora.xtec.cat\/esc-joaquimruyra-blanes\/wp-json\/wp\/v2\/posts\/14838\/revisions"}],"predecessor-version":[{"id":14883,"href":"https:\/\/agora.xtec.cat\/esc-joaquimruyra-blanes\/wp-json\/wp\/v2\/posts\/14838\/revisions\/14883"}],"wp:attachment":[{"href":"https:\/\/agora.xtec.cat\/esc-joaquimruyra-blanes\/wp-json\/wp\/v2\/media?parent=14838"}],"wp:term":[{"taxonomy":"category","embeddable":true,"href":"https:\/\/agora.xtec.cat\/esc-joaquimruyra-blanes\/wp-json\/wp\/v2\/categories?post=14838"},{"taxonomy":"post_tag","embeddable":true,"href":"https:\/\/agora.xtec.cat\/esc-joaquimruyra-blanes\/wp-json\/wp\/v2\/tags?post=14838"}],"curies":[{"name":"wp","href":"https:\/\/api.w.org\/{rel}","templated":true}]}}