{"id":14644,"date":"2022-04-01T15:46:48","date_gmt":"2022-04-01T13:46:48","guid":{"rendered":"https:\/\/agora.xtec.cat\/esc-joaquimruyra-blanes\/?p=14644"},"modified":"2022-04-01T16:13:42","modified_gmt":"2022-04-01T14:13:42","slug":"portada-agendes-curs-22-23","status":"publish","type":"post","link":"https:\/\/agora.xtec.cat\/esc-joaquimruyra-blanes\/general\/portada-agendes-curs-22-23\/","title":{"rendered":"PORTADA AGENDES CURS 22\/23"},"content":{"rendered":"<p>Benvolgudes fam\u00edlies,<\/p>\n<p>Ja tenim guanyadores per a la portada de les agendes de l&#8217;escola del proper curs!!<\/p>\n<p>La portada de l&#8217;agenda d&#8217;educaci\u00f3 infantil es far\u00e0 amb el dibuix fet per la Bruna Pujol de P4.<\/p>\n<p><a href=\"https:\/\/agora.xtec.cat\/esc-joaquimruyra-blanes\/wp-content\/uploads\/usu757\/2022\/04\/SJoaquim-Ru22040116020-scaled.jpg\"><img loading=\"lazy\" decoding=\"async\" class=\"alignnone size-large wp-image-14647\" src=\"https:\/\/agora.xtec.cat\/esc-joaquimruyra-blanes\/wp-content\/uploads\/usu757\/2022\/04\/SJoaquim-Ru22040116020-724x1024.jpg\" alt=\"\" width=\"724\" height=\"1024\" srcset=\"https:\/\/agora.xtec.cat\/esc-joaquimruyra-blanes\/wp-content\/uploads\/usu757\/2022\/04\/SJoaquim-Ru22040116020-724x1024.jpg 724w, https:\/\/agora.xtec.cat\/esc-joaquimruyra-blanes\/wp-content\/uploads\/usu757\/2022\/04\/SJoaquim-Ru22040116020-212x300.jpg 212w, https:\/\/agora.xtec.cat\/esc-joaquimruyra-blanes\/wp-content\/uploads\/usu757\/2022\/04\/SJoaquim-Ru22040116020-768x1086.jpg 768w, https:\/\/agora.xtec.cat\/esc-joaquimruyra-blanes\/wp-content\/uploads\/usu757\/2022\/04\/SJoaquim-Ru22040116020-1086x1536.jpg 1086w, https:\/\/agora.xtec.cat\/esc-joaquimruyra-blanes\/wp-content\/uploads\/usu757\/2022\/04\/SJoaquim-Ru22040116020-1448x2048.jpg 1448w, https:\/\/agora.xtec.cat\/esc-joaquimruyra-blanes\/wp-content\/uploads\/usu757\/2022\/04\/SJoaquim-Ru22040116020-scaled.jpg 1810w\" sizes=\"auto, (max-width: 724px) 100vw, 724px\" \/><\/a><\/p>\n<p>La portada de l&#8217;agenda de prim\u00e0ria es far\u00e0 amb el dibuix fet per la Paula Carnicero de 5\u00e8.<\/p>\n<p><a href=\"https:\/\/agora.xtec.cat\/esc-joaquimruyra-blanes\/wp-content\/uploads\/usu757\/2022\/04\/SJoaquim-Ru22040116021-scaled.jpg\"><img loading=\"lazy\" decoding=\"async\" class=\"alignnone size-large wp-image-14648\" src=\"https:\/\/agora.xtec.cat\/esc-joaquimruyra-blanes\/wp-content\/uploads\/usu757\/2022\/04\/SJoaquim-Ru22040116021-724x1024.jpg\" alt=\"\" width=\"724\" height=\"1024\" srcset=\"https:\/\/agora.xtec.cat\/esc-joaquimruyra-blanes\/wp-content\/uploads\/usu757\/2022\/04\/SJoaquim-Ru22040116021-724x1024.jpg 724w, https:\/\/agora.xtec.cat\/esc-joaquimruyra-blanes\/wp-content\/uploads\/usu757\/2022\/04\/SJoaquim-Ru22040116021-212x300.jpg 212w, https:\/\/agora.xtec.cat\/esc-joaquimruyra-blanes\/wp-content\/uploads\/usu757\/2022\/04\/SJoaquim-Ru22040116021-768x1086.jpg 768w, https:\/\/agora.xtec.cat\/esc-joaquimruyra-blanes\/wp-content\/uploads\/usu757\/2022\/04\/SJoaquim-Ru22040116021-1086x1536.jpg 1086w, https:\/\/agora.xtec.cat\/esc-joaquimruyra-blanes\/wp-content\/uploads\/usu757\/2022\/04\/SJoaquim-Ru22040116021-1448x2048.jpg 1448w, https:\/\/agora.xtec.cat\/esc-joaquimruyra-blanes\/wp-content\/uploads\/usu757\/2022\/04\/SJoaquim-Ru22040116021-scaled.jpg 1810w\" sizes=\"auto, (max-width: 724px) 100vw, 724px\" \/><\/a><\/p>\n<p>Moltes gr\u00e0cies a tot l&#8217;alumnat de P4 i 5\u00e8 per la seva fant\u00e0stica participaci\u00f3!!!<\/p>\n<p>&nbsp;<\/p>\n","protected":false},"excerpt":{"rendered":"<p>Benvolgudes fam\u00edlies,<br \/>\nJa tenim guanyadores per a la portada de les agendes de l&#8217;escola del proper curs!!<br \/>\nLa portada de l&#8217;agenda d&#8217;educaci\u00f3 infantil es far\u00e0 amb el dibuix fet per la Bruna Pujol de P4.<br \/>\n<a href=\"https:\/\/agora.xtec.cat\/esc-joaquimruyra-blanes\/wp-content\/uploads\/usu757\/2022\/04\/SJoaquim-Ru22040116020-scaled.jpg\"><\/a><br \/>\nLa portada de l&#8217;agenda de prim\u00e0ria es far\u00e0 amb el dibuix fet&hellip;  <a href=\"https:\/\/agora.xtec.cat\/esc-joaquimruyra-blanes\/general\/portada-agendes-curs-22-23\/\" title=\"Read PORTADA AGENDES CURS 22\/23\">Llegeix m\u00e9s\u00bb<\/a><\/p>\n","protected":false},"author":10,"featured_media":14647,"comment_status":"closed","ping_status":"closed","sticky":false,"template":"","format":"standard","meta":{"_bbp_topic_count":0,"_bbp_reply_count":0,"_bbp_total_topic_count":0,"_bbp_total_reply_count":0,"_bbp_voice_count":0,"_bbp_anonymous_reply_count":0,"_bbp_topic_count_hidden":0,"_bbp_reply_count_hidden":0,"_bbp_forum_subforum_count":0,"footnotes":""},"categories":[192,1,32,4,39],"tags":[],"class_list":["post-14644","post","type-post","status-publish","format-standard","has-post-thumbnail","hentry","category-curs-2021-2022","category-general","category-infantil","category-portada","category-primaria"],"post_mailing_queue_ids":[],"_links":{"self":[{"href":"https:\/\/agora.xtec.cat\/esc-joaquimruyra-blanes\/wp-json\/wp\/v2\/posts\/14644","targetHints":{"allow":["GET"]}}],"collection":[{"href":"https:\/\/agora.xtec.cat\/esc-joaquimruyra-blanes\/wp-json\/wp\/v2\/posts"}],"about":[{"href":"https:\/\/agora.xtec.cat\/esc-joaquimruyra-blanes\/wp-json\/wp\/v2\/types\/post"}],"author":[{"embeddable":true,"href":"https:\/\/agora.xtec.cat\/esc-joaquimruyra-blanes\/wp-json\/wp\/v2\/users\/10"}],"replies":[{"embeddable":true,"href":"https:\/\/agora.xtec.cat\/esc-joaquimruyra-blanes\/wp-json\/wp\/v2\/comments?post=14644"}],"version-history":[{"count":3,"href":"https:\/\/agora.xtec.cat\/esc-joaquimruyra-blanes\/wp-json\/wp\/v2\/posts\/14644\/revisions"}],"predecessor-version":[{"id":14651,"href":"https:\/\/agora.xtec.cat\/esc-joaquimruyra-blanes\/wp-json\/wp\/v2\/posts\/14644\/revisions\/14651"}],"wp:featuredmedia":[{"embeddable":true,"href":"https:\/\/agora.xtec.cat\/esc-joaquimruyra-blanes\/wp-json\/wp\/v2\/media\/14647"}],"wp:attachment":[{"href":"https:\/\/agora.xtec.cat\/esc-joaquimruyra-blanes\/wp-json\/wp\/v2\/media?parent=14644"}],"wp:term":[{"taxonomy":"category","embeddable":true,"href":"https:\/\/agora.xtec.cat\/esc-joaquimruyra-blanes\/wp-json\/wp\/v2\/categories?post=14644"},{"taxonomy":"post_tag","embeddable":true,"href":"https:\/\/agora.xtec.cat\/esc-joaquimruyra-blanes\/wp-json\/wp\/v2\/tags?post=14644"}],"curies":[{"name":"wp","href":"https:\/\/api.w.org\/{rel}","templated":true}]}}