{"id":14567,"date":"2022-03-16T11:46:06","date_gmt":"2022-03-16T10:46:06","guid":{"rendered":"https:\/\/agora.xtec.cat\/esc-joaquimruyra-blanes\/?p=14567"},"modified":"2022-03-16T11:46:06","modified_gmt":"2022-03-16T10:46:06","slug":"lhora-del-conte-a-p3","status":"publish","type":"post","link":"https:\/\/agora.xtec.cat\/esc-joaquimruyra-blanes\/general\/lhora-del-conte-a-p3\/","title":{"rendered":"L&#8217;HORA DEL CONTE A P3"},"content":{"rendered":"<p><span style=\"font-weight: 400;\">Benvolgudes fam\u00edlies de P3,<\/span><\/p>\n<p><span style=\"font-weight: 400;\">Volem compartir amb vosaltres l\u2019Hora del conte a P3. Aquests dies hem explicat un conte cl\u00e0ssic dels pa\u00efsos n\u00f2rdics creat per Astrid Lindgren i il\u00b7lustrat per Harald Wiberg. Ens mostra el recorregut que un petit gnom fa cada nit per la granja, per tal de cuidar i vigilar tots els \u00e9ssers que hi viuen. \u00c9s un conte que desperta el respecte per la naturalesa i contagia les ganes de cuidar i protegir els animals i els \u00e9ssers estimats.<\/span><\/p>\n<p><span style=\"font-weight: 400;\">Al Youtube hi trobareu v\u00eddeos del conte versionats en castell\u00e0 i en angl\u00e8s.<\/span><\/p>\n<p><span style=\"font-weight: 400;\">El personatge del Tomten \u00e9s realment entranyable i els vostres fills i filles hi han connectat molt\u00edssim. Al v\u00eddeo que us hem preparat ho veureu!<\/span><\/p>\n<p><iframe loading=\"lazy\" title=\"EL TOMTEN A P3\" width=\"500\" height=\"281\" src=\"https:\/\/www.youtube.com\/embed\/QFpp2S1-53o?feature=oembed\" frameborder=\"0\" allow=\"accelerometer; autoplay; clipboard-write; encrypted-media; gyroscope; picture-in-picture; web-share\" referrerpolicy=\"strict-origin-when-cross-origin\" allowfullscreen><\/iframe><\/p>\n","protected":false},"excerpt":{"rendered":"<p>Benvolgudes fam\u00edlies de P3,<br \/>\nVolem compartir amb vosaltres l\u2019Hora del conte a P3. Aquests dies hem explicat un conte cl\u00e0ssic dels pa\u00efsos n\u00f2rdics creat per Astrid Lindgren i il\u00b7lustrat per Harald Wiberg. Ens mostra el recorregut que un petit gnom fa cada nit per la granja,&hellip;  <a href=\"https:\/\/agora.xtec.cat\/esc-joaquimruyra-blanes\/general\/lhora-del-conte-a-p3\/\" title=\"Read L&#8217;HORA DEL CONTE A P3\">Llegeix m\u00e9s\u00bb<\/a><\/p>\n","protected":false},"author":1,"featured_media":14572,"comment_status":"closed","ping_status":"closed","sticky":false,"template":"","format":"standard","meta":{"_bbp_topic_count":0,"_bbp_reply_count":0,"_bbp_total_topic_count":0,"_bbp_total_reply_count":0,"_bbp_voice_count":0,"_bbp_anonymous_reply_count":0,"_bbp_topic_count_hidden":0,"_bbp_reply_count_hidden":0,"_bbp_forum_subforum_count":0,"footnotes":""},"categories":[192,1,195,32,4],"tags":[],"class_list":["post-14567","post","type-post","status-publish","format-standard","has-post-thumbnail","hentry","category-curs-2021-2022","category-general","category-i3","category-infantil","category-portada"],"post_mailing_queue_ids":[],"_links":{"self":[{"href":"https:\/\/agora.xtec.cat\/esc-joaquimruyra-blanes\/wp-json\/wp\/v2\/posts\/14567","targetHints":{"allow":["GET"]}}],"collection":[{"href":"https:\/\/agora.xtec.cat\/esc-joaquimruyra-blanes\/wp-json\/wp\/v2\/posts"}],"about":[{"href":"https:\/\/agora.xtec.cat\/esc-joaquimruyra-blanes\/wp-json\/wp\/v2\/types\/post"}],"author":[{"embeddable":true,"href":"https:\/\/agora.xtec.cat\/esc-joaquimruyra-blanes\/wp-json\/wp\/v2\/users\/1"}],"replies":[{"embeddable":true,"href":"https:\/\/agora.xtec.cat\/esc-joaquimruyra-blanes\/wp-json\/wp\/v2\/comments?post=14567"}],"version-history":[{"count":1,"href":"https:\/\/agora.xtec.cat\/esc-joaquimruyra-blanes\/wp-json\/wp\/v2\/posts\/14567\/revisions"}],"predecessor-version":[{"id":14568,"href":"https:\/\/agora.xtec.cat\/esc-joaquimruyra-blanes\/wp-json\/wp\/v2\/posts\/14567\/revisions\/14568"}],"wp:featuredmedia":[{"embeddable":true,"href":"https:\/\/agora.xtec.cat\/esc-joaquimruyra-blanes\/wp-json\/wp\/v2\/media\/14572"}],"wp:attachment":[{"href":"https:\/\/agora.xtec.cat\/esc-joaquimruyra-blanes\/wp-json\/wp\/v2\/media?parent=14567"}],"wp:term":[{"taxonomy":"category","embeddable":true,"href":"https:\/\/agora.xtec.cat\/esc-joaquimruyra-blanes\/wp-json\/wp\/v2\/categories?post=14567"},{"taxonomy":"post_tag","embeddable":true,"href":"https:\/\/agora.xtec.cat\/esc-joaquimruyra-blanes\/wp-json\/wp\/v2\/tags?post=14567"}],"curies":[{"name":"wp","href":"https:\/\/api.w.org\/{rel}","templated":true}]}}