{"id":14463,"date":"2022-03-07T11:14:16","date_gmt":"2022-03-07T10:14:16","guid":{"rendered":"https:\/\/agora.xtec.cat\/esc-joaquimruyra-blanes\/?p=14463"},"modified":"2022-03-07T11:14:16","modified_gmt":"2022-03-07T10:14:16","slug":"dia-internacional-de-la-llengua-materna","status":"publish","type":"post","link":"https:\/\/agora.xtec.cat\/esc-joaquimruyra-blanes\/general\/dia-internacional-de-la-llengua-materna\/","title":{"rendered":"Dia Internacional de la Llengua Materna."},"content":{"rendered":"\n<p>El passat dilluns 21 de febrer va ser el Dia Internacional de la Llengua Materna.<\/p>\n<p>A l&#8217;escola ho hem celebrat fent una enquesta a cada classe per visualitzar quines altres lleng\u00fces es parlen a cada casa i que sovint desconeixem.<\/p>\n<p>Tamb\u00e9 hem aprofitat per crear racons de lectura amb llibres escrits en aquests altres idiomes i portats des de casa per l&#8217;alumnat del centre. A m\u00e9s a m\u00e9s, hem elaborat un recull de salutacions en les diverses lleng\u00fces que parlen els nens i nenes de la Vila a casa seva.<\/p>\n<p><strong>Una gran experi\u00e8ncia multicultural i pluril\u00edng\u00fce!<\/strong><\/p>\n","protected":false},"excerpt":{"rendered":"<p>El passat dilluns 21 de febrer va ser el Dia Internacional de la Llengua Materna.<br \/>\nA l&#8217;escola ho hem celebrat fent una enquesta a cada classe per visualitzar quines altres lleng\u00fces es parlen a cada casa i que sovint desconeixem.<br \/>\nTamb\u00e9 hem aprofitat per crear racons de&hellip;  <a href=\"https:\/\/agora.xtec.cat\/esc-joaquimruyra-blanes\/general\/dia-internacional-de-la-llengua-materna\/\" title=\"Read Dia Internacional de la Llengua Materna.\">Llegeix m\u00e9s\u00bb<\/a><\/p>\n","protected":false},"author":1,"featured_media":14468,"comment_status":"closed","ping_status":"closed","sticky":false,"template":"","format":"standard","meta":{"_bbp_topic_count":0,"_bbp_reply_count":0,"_bbp_total_topic_count":0,"_bbp_total_reply_count":0,"_bbp_voice_count":0,"_bbp_anonymous_reply_count":0,"_bbp_topic_count_hidden":0,"_bbp_reply_count_hidden":0,"_bbp_forum_subforum_count":0,"footnotes":""},"categories":[192,1,32,4,39],"tags":[],"class_list":["post-14463","post","type-post","status-publish","format-standard","has-post-thumbnail","hentry","category-curs-2021-2022","category-general","category-infantil","category-portada","category-primaria"],"post_mailing_queue_ids":[],"_links":{"self":[{"href":"https:\/\/agora.xtec.cat\/esc-joaquimruyra-blanes\/wp-json\/wp\/v2\/posts\/14463","targetHints":{"allow":["GET"]}}],"collection":[{"href":"https:\/\/agora.xtec.cat\/esc-joaquimruyra-blanes\/wp-json\/wp\/v2\/posts"}],"about":[{"href":"https:\/\/agora.xtec.cat\/esc-joaquimruyra-blanes\/wp-json\/wp\/v2\/types\/post"}],"author":[{"embeddable":true,"href":"https:\/\/agora.xtec.cat\/esc-joaquimruyra-blanes\/wp-json\/wp\/v2\/users\/1"}],"replies":[{"embeddable":true,"href":"https:\/\/agora.xtec.cat\/esc-joaquimruyra-blanes\/wp-json\/wp\/v2\/comments?post=14463"}],"version-history":[{"count":3,"href":"https:\/\/agora.xtec.cat\/esc-joaquimruyra-blanes\/wp-json\/wp\/v2\/posts\/14463\/revisions"}],"predecessor-version":[{"id":14489,"href":"https:\/\/agora.xtec.cat\/esc-joaquimruyra-blanes\/wp-json\/wp\/v2\/posts\/14463\/revisions\/14489"}],"wp:featuredmedia":[{"embeddable":true,"href":"https:\/\/agora.xtec.cat\/esc-joaquimruyra-blanes\/wp-json\/wp\/v2\/media\/14468"}],"wp:attachment":[{"href":"https:\/\/agora.xtec.cat\/esc-joaquimruyra-blanes\/wp-json\/wp\/v2\/media?parent=14463"}],"wp:term":[{"taxonomy":"category","embeddable":true,"href":"https:\/\/agora.xtec.cat\/esc-joaquimruyra-blanes\/wp-json\/wp\/v2\/categories?post=14463"},{"taxonomy":"post_tag","embeddable":true,"href":"https:\/\/agora.xtec.cat\/esc-joaquimruyra-blanes\/wp-json\/wp\/v2\/tags?post=14463"}],"curies":[{"name":"wp","href":"https:\/\/api.w.org\/{rel}","templated":true}]}}