{"id":14308,"date":"2022-02-14T16:36:46","date_gmt":"2022-02-14T15:36:46","guid":{"rendered":"https:\/\/agora.xtec.cat\/esc-joaquimruyra-blanes\/?p=14308"},"modified":"2022-02-14T16:37:19","modified_gmt":"2022-02-14T15:37:19","slug":"aprenem-amb-ludilletres-a-p4","status":"publish","type":"post","link":"https:\/\/agora.xtec.cat\/esc-joaquimruyra-blanes\/general\/aprenem-amb-ludilletres-a-p4\/","title":{"rendered":"APRENEM AMB LUDILLETRES A P4"},"content":{"rendered":"<p><span style=\"font-weight: 400;\">Benvolgudes fam\u00edlies de P4,<\/span><\/p>\n<p><span style=\"font-weight: 400;\">Amb Ludilletres ballem, cantem, juguem i aprenem molt! Cada dia \u00e9s una experi\u00e8ncia nova i engrescadora pels infants.\u00a0<\/span><\/p>\n<p><span style=\"font-weight: 400;\">L\u2019espai del pati ens ofereix infinites possibilitats per a portar a terme aquest proc\u00e9s d\u2019aprenentatge de la lectoescriptura, i \u00e9s per aix\u00f2, que us volem fer arribar aquesta petita mostra de com els vostres infants van avan\u00e7ant i aprenent a trav\u00e9s de diferents recursos que ens proporciona aquesta metodologia tan enriquidora i motivadora.<\/span><\/p>\n<p><span style=\"font-weight: 400;\">Us animem a fer una ullada al\u00a0 v\u00eddeo i que gaudiu tant com nosaltres en\u00a0 el nostre dia a dia.<\/span><\/p>\n<p><span style=\"font-weight: 400;\">Junts constru\u00efm aprenentatges!<\/span><\/p>\n<p><iframe loading=\"lazy\" title=\"APRENEM AMB LUDILLETRES A P4\" width=\"500\" height=\"281\" src=\"https:\/\/www.youtube.com\/embed\/OJgagqBeMts?feature=oembed\" frameborder=\"0\" allow=\"accelerometer; autoplay; clipboard-write; encrypted-media; gyroscope; picture-in-picture; web-share\" referrerpolicy=\"strict-origin-when-cross-origin\" allowfullscreen><\/iframe><\/p>\n","protected":false},"excerpt":{"rendered":"<p>Benvolgudes fam\u00edlies de P4,<br \/>\nAmb Ludilletres ballem, cantem, juguem i aprenem molt! Cada dia \u00e9s una experi\u00e8ncia nova i engrescadora pels infants.\u00a0<br \/>\nL\u2019espai del pati ens ofereix infinites possibilitats per a portar a terme aquest proc\u00e9s d\u2019aprenentatge de la lectoescriptura, i \u00e9s per aix\u00f2, que us volem&hellip;  <a href=\"https:\/\/agora.xtec.cat\/esc-joaquimruyra-blanes\/general\/aprenem-amb-ludilletres-a-p4\/\" title=\"Read APRENEM AMB LUDILLETRES A P4\">Llegeix m\u00e9s\u00bb<\/a><\/p>\n","protected":false},"author":1,"featured_media":14312,"comment_status":"closed","ping_status":"closed","sticky":false,"template":"","format":"standard","meta":{"_bbp_topic_count":0,"_bbp_reply_count":0,"_bbp_total_topic_count":0,"_bbp_total_reply_count":0,"_bbp_voice_count":0,"_bbp_anonymous_reply_count":0,"_bbp_topic_count_hidden":0,"_bbp_reply_count_hidden":0,"_bbp_forum_subforum_count":0,"footnotes":""},"categories":[192,1,196,32,4],"tags":[],"class_list":["post-14308","post","type-post","status-publish","format-standard","has-post-thumbnail","hentry","category-curs-2021-2022","category-general","category-p4","category-infantil","category-portada"],"post_mailing_queue_ids":[],"_links":{"self":[{"href":"https:\/\/agora.xtec.cat\/esc-joaquimruyra-blanes\/wp-json\/wp\/v2\/posts\/14308","targetHints":{"allow":["GET"]}}],"collection":[{"href":"https:\/\/agora.xtec.cat\/esc-joaquimruyra-blanes\/wp-json\/wp\/v2\/posts"}],"about":[{"href":"https:\/\/agora.xtec.cat\/esc-joaquimruyra-blanes\/wp-json\/wp\/v2\/types\/post"}],"author":[{"embeddable":true,"href":"https:\/\/agora.xtec.cat\/esc-joaquimruyra-blanes\/wp-json\/wp\/v2\/users\/1"}],"replies":[{"embeddable":true,"href":"https:\/\/agora.xtec.cat\/esc-joaquimruyra-blanes\/wp-json\/wp\/v2\/comments?post=14308"}],"version-history":[{"count":3,"href":"https:\/\/agora.xtec.cat\/esc-joaquimruyra-blanes\/wp-json\/wp\/v2\/posts\/14308\/revisions"}],"predecessor-version":[{"id":14311,"href":"https:\/\/agora.xtec.cat\/esc-joaquimruyra-blanes\/wp-json\/wp\/v2\/posts\/14308\/revisions\/14311"}],"wp:featuredmedia":[{"embeddable":true,"href":"https:\/\/agora.xtec.cat\/esc-joaquimruyra-blanes\/wp-json\/wp\/v2\/media\/14312"}],"wp:attachment":[{"href":"https:\/\/agora.xtec.cat\/esc-joaquimruyra-blanes\/wp-json\/wp\/v2\/media?parent=14308"}],"wp:term":[{"taxonomy":"category","embeddable":true,"href":"https:\/\/agora.xtec.cat\/esc-joaquimruyra-blanes\/wp-json\/wp\/v2\/categories?post=14308"},{"taxonomy":"post_tag","embeddable":true,"href":"https:\/\/agora.xtec.cat\/esc-joaquimruyra-blanes\/wp-json\/wp\/v2\/tags?post=14308"}],"curies":[{"name":"wp","href":"https:\/\/api.w.org\/{rel}","templated":true}]}}