{"id":14293,"date":"2022-02-13T14:32:36","date_gmt":"2022-02-13T13:32:36","guid":{"rendered":"https:\/\/agora.xtec.cat\/esc-joaquimruyra-blanes\/?p=14293"},"modified":"2022-02-13T14:32:36","modified_gmt":"2022-02-13T13:32:36","slug":"gran-recogida-de-alimentos-projecte-de-2n-ii","status":"publish","type":"post","link":"https:\/\/agora.xtec.cat\/esc-joaquimruyra-blanes\/general\/gran-recogida-de-alimentos-projecte-de-2n-ii\/","title":{"rendered":"GRAN RECOGIDA DE ALIMENTOS (projecte de 2n) II"},"content":{"rendered":"<p><strong>L&#8217;alumnat de 2n ha estat organitzant una recapte d&#8217;aliments per C\u00e0rites, com a part d&#8217;un projecte de llengua castellana en qu\u00e8 hem apr\u00e8s a crear not\u00edcies radiof\u00f2niques (cliqueu <a href=\"https:\/\/agora.xtec.cat\/esc-joaquimruyra-blanes\/wp-content\/uploads\/usu757\/2022\/02\/gran-recogida-de-alimentos-def.mp3\">aqu\u00ed <\/a>per escoltar la not\u00edcia).<\/strong><\/p>\n<p><strong>El passat divendres dia 11 de febrer vam recollir tots els aliments i a la tarda se&#8217;n va fer entrega als responsables de C\u00e0rites, que van venir fins a l&#8217;escola a recollir-los.<\/strong><\/p>\n<p><strong>Volem aprofitar per agrair la implicaci\u00f3 de tothom, mestres, alumnat i fam\u00edlies. Va ser tot un \u00e8xit de participaci\u00f3!<\/strong><\/p>\n\n","protected":false},"excerpt":{"rendered":"<p>L&#8217;alumnat de 2n ha estat organitzant una recapte d&#8217;aliments per C\u00e0rites, com a part d&#8217;un projecte de llengua castellana en qu\u00e8 hem apr\u00e8s a crear not\u00edcies radiof\u00f2niques (cliqueu <a href=\"https:\/\/agora.xtec.cat\/esc-joaquimruyra-blanes\/wp-content\/uploads\/usu757\/2022\/02\/gran-recogida-de-alimentos-def.mp3\">aqu\u00ed <\/a>per escoltar la not\u00edcia).<br \/>\nEl passat divendres dia 11 de febrer vam recollir tots els aliments&hellip;  <a href=\"https:\/\/agora.xtec.cat\/esc-joaquimruyra-blanes\/general\/gran-recogida-de-alimentos-projecte-de-2n-ii\/\" title=\"Read GRAN RECOGIDA DE ALIMENTOS (projecte de 2n) II\">Llegeix m\u00e9s\u00bb<\/a><\/p>\n","protected":false},"author":16,"featured_media":14300,"comment_status":"closed","ping_status":"closed","sticky":false,"template":"","format":"standard","meta":{"_bbp_topic_count":0,"_bbp_reply_count":0,"_bbp_total_topic_count":0,"_bbp_total_reply_count":0,"_bbp_voice_count":0,"_bbp_anonymous_reply_count":0,"_bbp_topic_count_hidden":0,"_bbp_reply_count_hidden":0,"_bbp_forum_subforum_count":0,"footnotes":""},"categories":[23,1,4],"tags":[103,208,207,205,209,206,210,168,98,40],"class_list":["post-14293","post","type-post","status-publish","format-standard","has-post-thumbnail","hentry","category-2n","category-general","category-portada","tag-2n","tag-alimentos","tag-aliments","tag-caritas","tag-gran-recapte","tag-gran-recogida","tag-llengua-castellana","tag-noticia","tag-projecte","tag-radio"],"post_mailing_queue_ids":[],"_links":{"self":[{"href":"https:\/\/agora.xtec.cat\/esc-joaquimruyra-blanes\/wp-json\/wp\/v2\/posts\/14293","targetHints":{"allow":["GET"]}}],"collection":[{"href":"https:\/\/agora.xtec.cat\/esc-joaquimruyra-blanes\/wp-json\/wp\/v2\/posts"}],"about":[{"href":"https:\/\/agora.xtec.cat\/esc-joaquimruyra-blanes\/wp-json\/wp\/v2\/types\/post"}],"author":[{"embeddable":true,"href":"https:\/\/agora.xtec.cat\/esc-joaquimruyra-blanes\/wp-json\/wp\/v2\/users\/16"}],"replies":[{"embeddable":true,"href":"https:\/\/agora.xtec.cat\/esc-joaquimruyra-blanes\/wp-json\/wp\/v2\/comments?post=14293"}],"version-history":[{"count":3,"href":"https:\/\/agora.xtec.cat\/esc-joaquimruyra-blanes\/wp-json\/wp\/v2\/posts\/14293\/revisions"}],"predecessor-version":[{"id":14307,"href":"https:\/\/agora.xtec.cat\/esc-joaquimruyra-blanes\/wp-json\/wp\/v2\/posts\/14293\/revisions\/14307"}],"wp:featuredmedia":[{"embeddable":true,"href":"https:\/\/agora.xtec.cat\/esc-joaquimruyra-blanes\/wp-json\/wp\/v2\/media\/14300"}],"wp:attachment":[{"href":"https:\/\/agora.xtec.cat\/esc-joaquimruyra-blanes\/wp-json\/wp\/v2\/media?parent=14293"}],"wp:term":[{"taxonomy":"category","embeddable":true,"href":"https:\/\/agora.xtec.cat\/esc-joaquimruyra-blanes\/wp-json\/wp\/v2\/categories?post=14293"},{"taxonomy":"post_tag","embeddable":true,"href":"https:\/\/agora.xtec.cat\/esc-joaquimruyra-blanes\/wp-json\/wp\/v2\/tags?post=14293"}],"curies":[{"name":"wp","href":"https:\/\/api.w.org\/{rel}","templated":true}]}}