{"id":14291,"date":"2022-02-13T14:30:16","date_gmt":"2022-02-13T13:30:16","guid":{"rendered":"https:\/\/agora.xtec.cat\/esc-joaquimruyra-blanes\/?p=14291"},"modified":"2022-02-13T14:30:16","modified_gmt":"2022-02-13T13:30:16","slug":"excursio-de-cicle-inicial","status":"publish","type":"post","link":"https:\/\/agora.xtec.cat\/esc-joaquimruyra-blanes\/general\/excursio-de-cicle-inicial\/","title":{"rendered":"EXCURSI\u00d3 DE CICLE INICIAL"},"content":{"rendered":"<p><strong>El passat divendres 4 de febrer l&#8217;alumnat de 1r i 2n va fer la sortida del 2n trimestre a Fogars de la Selva, a visitar el Museu de la Pagesia. Aquesta visita era l&#8217;\u00faltima activitat del projecte &#8220;Avi, \u00e0via, parla&#8217;m de tu&#8221; amb el qual hem descobert per a qu\u00e8 servien alguns objectes quotidians que ara ja es troben en des\u00fas.<\/strong><\/p>\n<p><strong>Us deixem un recull d&#8217;imatges de l&#8217;excursi\u00f3. Ens va encantar!<\/strong><\/p>\n<div style=\"width: 1920px;\" class=\"wp-video\"><!--[if lt IE 9]><script>document.createElement('video');<\/script><![endif]-->\n<video class=\"wp-video-shortcode\" id=\"video-14291-1\" width=\"1920\" height=\"1080\" preload=\"metadata\" controls=\"controls\"><source type=\"video\/mp4\" src=\"https:\/\/agora.xtec.cat\/esc-joaquimruyra-blanes\/wp-content\/uploads\/usu757\/2022\/02\/Green-and-Yellow-Minimalist-Monotone-Business-Fighting-Climate-Change-Presentation-2.mp4?_=1\" \/><a href=\"https:\/\/agora.xtec.cat\/esc-joaquimruyra-blanes\/wp-content\/uploads\/usu757\/2022\/02\/Green-and-Yellow-Minimalist-Monotone-Business-Fighting-Climate-Change-Presentation-2.mp4\">https:\/\/agora.xtec.cat\/esc-joaquimruyra-blanes\/wp-content\/uploads\/usu757\/2022\/02\/Green-and-Yellow-Minimalist-Monotone-Business-Fighting-Climate-Change-Presentation-2.mp4<\/a><\/video><\/div>\n","protected":false},"excerpt":{"rendered":"<p>El passat divendres 4 de febrer l&#8217;alumnat de 1r i 2n va fer la sortida del 2n trimestre a Fogars de la Selva, a visitar el Museu de la Pagesia. Aquesta visita era l&#8217;\u00faltima activitat del projecte &#8220;Avi, \u00e0via, parla&#8217;m de tu&#8221; amb el qual&hellip;  <a href=\"https:\/\/agora.xtec.cat\/esc-joaquimruyra-blanes\/general\/excursio-de-cicle-inicial\/\" title=\"Read EXCURSI\u00d3 DE CICLE INICIAL\">Llegeix m\u00e9s\u00bb<\/a><\/p>\n","protected":false},"author":16,"featured_media":0,"comment_status":"closed","ping_status":"closed","sticky":false,"template":"","format":"standard","meta":{"_bbp_topic_count":0,"_bbp_reply_count":0,"_bbp_total_topic_count":0,"_bbp_total_reply_count":0,"_bbp_voice_count":0,"_bbp_anonymous_reply_count":0,"_bbp_topic_count_hidden":0,"_bbp_reply_count_hidden":0,"_bbp_forum_subforum_count":0,"footnotes":""},"categories":[24,23,1,4],"tags":[115,103,200,201,114,202,204,198,199,203],"class_list":["post-14291","post","type-post","status-publish","format-standard","hentry","category-1r","category-2n","category-general","category-portada","tag-1r","tag-2n","tag-avi","tag-avia","tag-cicle-inicial","tag-eines-del-camp","tag-fogars","tag-museu-de-la-pagesia","tag-objectes-antics","tag-vida-a-pages"],"post_mailing_queue_ids":[],"_links":{"self":[{"href":"https:\/\/agora.xtec.cat\/esc-joaquimruyra-blanes\/wp-json\/wp\/v2\/posts\/14291","targetHints":{"allow":["GET"]}}],"collection":[{"href":"https:\/\/agora.xtec.cat\/esc-joaquimruyra-blanes\/wp-json\/wp\/v2\/posts"}],"about":[{"href":"https:\/\/agora.xtec.cat\/esc-joaquimruyra-blanes\/wp-json\/wp\/v2\/types\/post"}],"author":[{"embeddable":true,"href":"https:\/\/agora.xtec.cat\/esc-joaquimruyra-blanes\/wp-json\/wp\/v2\/users\/16"}],"replies":[{"embeddable":true,"href":"https:\/\/agora.xtec.cat\/esc-joaquimruyra-blanes\/wp-json\/wp\/v2\/comments?post=14291"}],"version-history":[{"count":3,"href":"https:\/\/agora.xtec.cat\/esc-joaquimruyra-blanes\/wp-json\/wp\/v2\/posts\/14291\/revisions"}],"predecessor-version":[{"id":14306,"href":"https:\/\/agora.xtec.cat\/esc-joaquimruyra-blanes\/wp-json\/wp\/v2\/posts\/14291\/revisions\/14306"}],"wp:attachment":[{"href":"https:\/\/agora.xtec.cat\/esc-joaquimruyra-blanes\/wp-json\/wp\/v2\/media?parent=14291"}],"wp:term":[{"taxonomy":"category","embeddable":true,"href":"https:\/\/agora.xtec.cat\/esc-joaquimruyra-blanes\/wp-json\/wp\/v2\/categories?post=14291"},{"taxonomy":"post_tag","embeddable":true,"href":"https:\/\/agora.xtec.cat\/esc-joaquimruyra-blanes\/wp-json\/wp\/v2\/tags?post=14291"}],"curies":[{"name":"wp","href":"https:\/\/api.w.org\/{rel}","templated":true}]}}