{"id":14110,"date":"2022-01-17T13:00:15","date_gmt":"2022-01-17T12:00:15","guid":{"rendered":"https:\/\/agora.xtec.cat\/esc-joaquimruyra-blanes\/?p=14110"},"modified":"2022-01-17T13:00:32","modified_gmt":"2022-01-17T12:00:32","slug":"ens-visiten-els-mossos-desquadra","status":"publish","type":"post","link":"https:\/\/agora.xtec.cat\/esc-joaquimruyra-blanes\/general\/ens-visiten-els-mossos-desquadra\/","title":{"rendered":"ENS VISITEN ELS MOSSOS D&#8217;ESQUADRA"},"content":{"rendered":"<p>Aquesta setmana, els nens i nenes de Cicle Inicial, hem tingut la visita de la M\u00f2nica, una mossa d&#8217;esquadra, que ens ha explicat &#8220;La petita hist\u00f2ria dels Mossos d&#8217;Esquadra&#8221;. Ara ja coneixem quina funci\u00f3 tenen els mossos, com ens poden ajudar i hem apr\u00e8s el n\u00famero d&#8217;emerg\u00e8ncies: 112.<\/p>\n<p><a href=\"https:\/\/agora.xtec.cat\/esc-joaquimruyra-blanes\/wp-content\/uploads\/usu757\/2022\/01\/mossos-a-1r.jpg\"><img loading=\"lazy\" decoding=\"async\" class=\"alignnone size-full wp-image-14113\" src=\"https:\/\/agora.xtec.cat\/esc-joaquimruyra-blanes\/wp-content\/uploads\/usu757\/2022\/01\/mossos-a-1r.jpg\" alt=\"\" width=\"412\" height=\"309\" srcset=\"https:\/\/agora.xtec.cat\/esc-joaquimruyra-blanes\/wp-content\/uploads\/usu757\/2022\/01\/mossos-a-1r.jpg 412w, https:\/\/agora.xtec.cat\/esc-joaquimruyra-blanes\/wp-content\/uploads\/usu757\/2022\/01\/mossos-a-1r-300x225.jpg 300w, https:\/\/agora.xtec.cat\/esc-joaquimruyra-blanes\/wp-content\/uploads\/usu757\/2022\/01\/mossos-a-1r-200x150.jpg 200w\" sizes=\"auto, (max-width: 412px) 100vw, 412px\" \/> <\/a><\/p>\n<p><a href=\"https:\/\/agora.xtec.cat\/esc-joaquimruyra-blanes\/wp-content\/uploads\/usu757\/2022\/01\/DIBUIXOS-DELS-ALUMNES-DESPRES-DE-LA-VISITA.pdf\">DIBUIXOS DELS ALUMNES DESPR\u00c9S DE LA VISITA<\/a><\/p>\n<p>&nbsp;<\/p>\n","protected":false},"excerpt":{"rendered":"<p>Aquesta setmana, els nens i nenes de Cicle Inicial, hem tingut la visita de la M\u00f2nica, una mossa d&#8217;esquadra, que ens ha explicat &#8220;La petita hist\u00f2ria dels Mossos d&#8217;Esquadra&#8221;. Ara ja coneixem quina funci\u00f3 tenen els mossos, com ens poden ajudar i hem apr\u00e8s el&hellip;  <a href=\"https:\/\/agora.xtec.cat\/esc-joaquimruyra-blanes\/general\/ens-visiten-els-mossos-desquadra\/\" title=\"Read ENS VISITEN ELS MOSSOS D&#8217;ESQUADRA\">Llegeix m\u00e9s\u00bb<\/a><\/p>\n","protected":false},"author":1,"featured_media":14112,"comment_status":"closed","ping_status":"closed","sticky":false,"template":"","format":"standard","meta":{"_bbp_topic_count":0,"_bbp_reply_count":0,"_bbp_total_topic_count":0,"_bbp_total_reply_count":0,"_bbp_voice_count":0,"_bbp_anonymous_reply_count":0,"_bbp_topic_count_hidden":0,"_bbp_reply_count_hidden":0,"_bbp_forum_subforum_count":0,"footnotes":""},"categories":[192,1,4],"tags":[],"class_list":["post-14110","post","type-post","status-publish","format-standard","has-post-thumbnail","hentry","category-curs-2021-2022","category-general","category-portada"],"post_mailing_queue_ids":[],"_links":{"self":[{"href":"https:\/\/agora.xtec.cat\/esc-joaquimruyra-blanes\/wp-json\/wp\/v2\/posts\/14110","targetHints":{"allow":["GET"]}}],"collection":[{"href":"https:\/\/agora.xtec.cat\/esc-joaquimruyra-blanes\/wp-json\/wp\/v2\/posts"}],"about":[{"href":"https:\/\/agora.xtec.cat\/esc-joaquimruyra-blanes\/wp-json\/wp\/v2\/types\/post"}],"author":[{"embeddable":true,"href":"https:\/\/agora.xtec.cat\/esc-joaquimruyra-blanes\/wp-json\/wp\/v2\/users\/1"}],"replies":[{"embeddable":true,"href":"https:\/\/agora.xtec.cat\/esc-joaquimruyra-blanes\/wp-json\/wp\/v2\/comments?post=14110"}],"version-history":[{"count":3,"href":"https:\/\/agora.xtec.cat\/esc-joaquimruyra-blanes\/wp-json\/wp\/v2\/posts\/14110\/revisions"}],"predecessor-version":[{"id":14118,"href":"https:\/\/agora.xtec.cat\/esc-joaquimruyra-blanes\/wp-json\/wp\/v2\/posts\/14110\/revisions\/14118"}],"wp:featuredmedia":[{"embeddable":true,"href":"https:\/\/agora.xtec.cat\/esc-joaquimruyra-blanes\/wp-json\/wp\/v2\/media\/14112"}],"wp:attachment":[{"href":"https:\/\/agora.xtec.cat\/esc-joaquimruyra-blanes\/wp-json\/wp\/v2\/media?parent=14110"}],"wp:term":[{"taxonomy":"category","embeddable":true,"href":"https:\/\/agora.xtec.cat\/esc-joaquimruyra-blanes\/wp-json\/wp\/v2\/categories?post=14110"},{"taxonomy":"post_tag","embeddable":true,"href":"https:\/\/agora.xtec.cat\/esc-joaquimruyra-blanes\/wp-json\/wp\/v2\/tags?post=14110"}],"curies":[{"name":"wp","href":"https:\/\/api.w.org\/{rel}","templated":true}]}}