{"id":13947,"date":"2021-11-22T10:34:00","date_gmt":"2021-11-22T09:34:00","guid":{"rendered":"https:\/\/agora.xtec.cat\/esc-joaquimruyra-blanes\/?p=13947"},"modified":"2021-11-22T10:34:00","modified_gmt":"2021-11-22T09:34:00","slug":"setmana-de-la-ciencia","status":"publish","type":"post","link":"https:\/\/agora.xtec.cat\/esc-joaquimruyra-blanes\/general\/setmana-de-la-ciencia\/","title":{"rendered":"Setmana de la ci\u00e8ncia"},"content":{"rendered":"<p><span style=\"font-weight: 400;\">Benvolgudes fam\u00edlies<\/span><span style=\"font-weight: 400;\">,<\/span><\/p>\n<p><span style=\"font-weight: 400;\">Del 12 al 21 de novembre vam celebrar la <\/span><b style=\"font-family: inherit; font-size: 1em;\">setmana de la ci\u00e8ncia<\/b><span style=\"font-weight: 400;\">.<\/span><\/p>\n<p><span style=\"font-weight: 400;\">Aprofitant la dr\u00e0stica situaci\u00f3 que estan patint a l\u2019illa de La Palma (Illes Can\u00e0ries) amb el <\/span><b style=\"font-family: inherit; font-size: 1em;\">volc\u00e0 Cumbre Vieja<\/b><span style=\"font-weight: 400;\">, vam creure molt oport\u00fa treballar aquest tema a nivell d\u2019escola (adaptat per cursos), ja que l\u2019alumnat n\u2019ha sentit a parlar i aix\u00ed treball\u00e0vem la ci\u00e8ncia d\u2019una manera m\u00e9s contextualitzada i a partir del <\/span><b style=\"font-family: inherit; font-size: 1em;\">m\u00e8tode cient\u00edfic<\/b><span style=\"font-weight: 400;\">.<\/span><\/p>\n<p>Us compartim un v\u00eddeo amb algunes imatges dels experiments que vam dur a terme a les aules.<\/p>\n<p><iframe loading=\"lazy\" title=\"EXPERIMENT VOLC\u00c0\" width=\"500\" height=\"281\" src=\"https:\/\/www.youtube.com\/embed\/4HIborcIbZY?feature=oembed\" frameborder=\"0\" allow=\"accelerometer; autoplay; clipboard-write; encrypted-media; gyroscope; picture-in-picture; web-share\" referrerpolicy=\"strict-origin-when-cross-origin\" allowfullscreen><\/iframe><\/p>\n<p>&nbsp;<\/p>\n","protected":false},"excerpt":{"rendered":"<p>Benvolgudes fam\u00edlies,<br \/>\nDel 12 al 21 de novembre vam celebrar la setmana de la ci\u00e8ncia.<br \/>\nAprofitant la dr\u00e0stica situaci\u00f3 que estan patint a l\u2019illa de La Palma (Illes Can\u00e0ries) amb el volc\u00e0 Cumbre Vieja, vam creure molt oport\u00fa treballar aquest tema a nivell d\u2019escola (adaptat per cursos),&hellip;  <a href=\"https:\/\/agora.xtec.cat\/esc-joaquimruyra-blanes\/general\/setmana-de-la-ciencia\/\" title=\"Read Setmana de la ci\u00e8ncia\">Llegeix m\u00e9s\u00bb<\/a><\/p>\n","protected":false},"author":20,"featured_media":13966,"comment_status":"closed","ping_status":"closed","sticky":false,"template":"","format":"standard","meta":{"_bbp_topic_count":0,"_bbp_reply_count":0,"_bbp_total_topic_count":0,"_bbp_total_reply_count":0,"_bbp_voice_count":0,"_bbp_anonymous_reply_count":0,"_bbp_topic_count_hidden":0,"_bbp_reply_count_hidden":0,"_bbp_forum_subforum_count":0,"footnotes":""},"categories":[192,1,32,4,39],"tags":[],"class_list":["post-13947","post","type-post","status-publish","format-standard","has-post-thumbnail","hentry","category-curs-2021-2022","category-general","category-infantil","category-portada","category-primaria"],"post_mailing_queue_ids":[],"_links":{"self":[{"href":"https:\/\/agora.xtec.cat\/esc-joaquimruyra-blanes\/wp-json\/wp\/v2\/posts\/13947","targetHints":{"allow":["GET"]}}],"collection":[{"href":"https:\/\/agora.xtec.cat\/esc-joaquimruyra-blanes\/wp-json\/wp\/v2\/posts"}],"about":[{"href":"https:\/\/agora.xtec.cat\/esc-joaquimruyra-blanes\/wp-json\/wp\/v2\/types\/post"}],"author":[{"embeddable":true,"href":"https:\/\/agora.xtec.cat\/esc-joaquimruyra-blanes\/wp-json\/wp\/v2\/users\/20"}],"replies":[{"embeddable":true,"href":"https:\/\/agora.xtec.cat\/esc-joaquimruyra-blanes\/wp-json\/wp\/v2\/comments?post=13947"}],"version-history":[{"count":2,"href":"https:\/\/agora.xtec.cat\/esc-joaquimruyra-blanes\/wp-json\/wp\/v2\/posts\/13947\/revisions"}],"predecessor-version":[{"id":13963,"href":"https:\/\/agora.xtec.cat\/esc-joaquimruyra-blanes\/wp-json\/wp\/v2\/posts\/13947\/revisions\/13963"}],"wp:featuredmedia":[{"embeddable":true,"href":"https:\/\/agora.xtec.cat\/esc-joaquimruyra-blanes\/wp-json\/wp\/v2\/media\/13966"}],"wp:attachment":[{"href":"https:\/\/agora.xtec.cat\/esc-joaquimruyra-blanes\/wp-json\/wp\/v2\/media?parent=13947"}],"wp:term":[{"taxonomy":"category","embeddable":true,"href":"https:\/\/agora.xtec.cat\/esc-joaquimruyra-blanes\/wp-json\/wp\/v2\/categories?post=13947"},{"taxonomy":"post_tag","embeddable":true,"href":"https:\/\/agora.xtec.cat\/esc-joaquimruyra-blanes\/wp-json\/wp\/v2\/tags?post=13947"}],"curies":[{"name":"wp","href":"https:\/\/api.w.org\/{rel}","templated":true}]}}