{"id":13941,"date":"2021-11-18T18:28:15","date_gmt":"2021-11-18T17:28:15","guid":{"rendered":"https:\/\/agora.xtec.cat\/esc-joaquimruyra-blanes\/?p=13941"},"modified":"2021-11-19T12:12:38","modified_gmt":"2021-11-19T11:12:38","slug":"a-tercer-fabriquem-ampolles-emocionals","status":"publish","type":"post","link":"https:\/\/agora.xtec.cat\/esc-joaquimruyra-blanes\/general\/a-tercer-fabriquem-ampolles-emocionals\/","title":{"rendered":"A TERCER, FABRIQUEM AMPOLLES EMOCIONALS"},"content":{"rendered":"<p>Benvolgudes fam\u00edlies!<\/p>\n<p>Els alumnes de tercer hem creat a <em>Educaci\u00f3 en Valors<\/em> les nostres ampolles emocionals. Com podeu veure a les seg\u00fcents imatges s\u00f3n ampolles que al sacsejar-les canvien de color i ens porten a la calma.<\/p>\n<p>L&#8217;Educaci\u00f3 Emocional \u00e9s molt important a la nostra escola i activitats com aquesta la fomenten i li donen valor.<\/p>\n<p>Una abra\u00e7ada,<\/p>\n<p>La classe de tercer<\/p>\n<p><iframe loading=\"lazy\" title=\"Ampolles Emocionals\" width=\"500\" height=\"281\" src=\"https:\/\/www.youtube.com\/embed\/9pB5b3QcKp8?feature=oembed\" frameborder=\"0\" allow=\"accelerometer; autoplay; clipboard-write; encrypted-media; gyroscope; picture-in-picture; web-share\" referrerpolicy=\"strict-origin-when-cross-origin\" allowfullscreen><\/iframe><\/p>\n","protected":false},"excerpt":{"rendered":"<p>Benvolgudes fam\u00edlies!<br \/>\nEls alumnes de tercer hem creat a Educaci\u00f3 en Valors les nostres ampolles emocionals. Com podeu veure a les seg\u00fcents imatges s\u00f3n ampolles que al sacsejar-les canvien de color i ens porten a la calma.<br \/>\nL&#8217;Educaci\u00f3 Emocional \u00e9s molt important a la nostra escola i&hellip;  <a href=\"https:\/\/agora.xtec.cat\/esc-joaquimruyra-blanes\/general\/a-tercer-fabriquem-ampolles-emocionals\/\" title=\"Read A TERCER, FABRIQUEM AMPOLLES EMOCIONALS\">Llegeix m\u00e9s\u00bb<\/a><\/p>\n","protected":false},"author":18,"featured_media":0,"comment_status":"closed","ping_status":"closed","sticky":false,"template":"","format":"standard","meta":{"_bbp_topic_count":0,"_bbp_reply_count":0,"_bbp_total_topic_count":0,"_bbp_total_reply_count":0,"_bbp_voice_count":0,"_bbp_anonymous_reply_count":0,"_bbp_topic_count_hidden":0,"_bbp_reply_count_hidden":0,"_bbp_forum_subforum_count":0,"footnotes":""},"categories":[12,192,1,4,39],"tags":[],"class_list":["post-13941","post","type-post","status-publish","format-standard","hentry","category-3r","category-curs-2021-2022","category-general","category-portada","category-primaria"],"post_mailing_queue_ids":[],"_links":{"self":[{"href":"https:\/\/agora.xtec.cat\/esc-joaquimruyra-blanes\/wp-json\/wp\/v2\/posts\/13941","targetHints":{"allow":["GET"]}}],"collection":[{"href":"https:\/\/agora.xtec.cat\/esc-joaquimruyra-blanes\/wp-json\/wp\/v2\/posts"}],"about":[{"href":"https:\/\/agora.xtec.cat\/esc-joaquimruyra-blanes\/wp-json\/wp\/v2\/types\/post"}],"author":[{"embeddable":true,"href":"https:\/\/agora.xtec.cat\/esc-joaquimruyra-blanes\/wp-json\/wp\/v2\/users\/18"}],"replies":[{"embeddable":true,"href":"https:\/\/agora.xtec.cat\/esc-joaquimruyra-blanes\/wp-json\/wp\/v2\/comments?post=13941"}],"version-history":[{"count":3,"href":"https:\/\/agora.xtec.cat\/esc-joaquimruyra-blanes\/wp-json\/wp\/v2\/posts\/13941\/revisions"}],"predecessor-version":[{"id":13950,"href":"https:\/\/agora.xtec.cat\/esc-joaquimruyra-blanes\/wp-json\/wp\/v2\/posts\/13941\/revisions\/13950"}],"wp:attachment":[{"href":"https:\/\/agora.xtec.cat\/esc-joaquimruyra-blanes\/wp-json\/wp\/v2\/media?parent=13941"}],"wp:term":[{"taxonomy":"category","embeddable":true,"href":"https:\/\/agora.xtec.cat\/esc-joaquimruyra-blanes\/wp-json\/wp\/v2\/categories?post=13941"},{"taxonomy":"post_tag","embeddable":true,"href":"https:\/\/agora.xtec.cat\/esc-joaquimruyra-blanes\/wp-json\/wp\/v2\/tags?post=13941"}],"curies":[{"name":"wp","href":"https:\/\/api.w.org\/{rel}","templated":true}]}}