{"id":13831,"date":"2021-11-04T16:17:02","date_gmt":"2021-11-04T15:17:02","guid":{"rendered":"https:\/\/agora.xtec.cat\/esc-joaquimruyra-blanes\/?p=13831"},"modified":"2021-11-04T17:16:53","modified_gmt":"2021-11-04T16:16:53","slug":"castanyada-2021","status":"publish","type":"post","link":"https:\/\/agora.xtec.cat\/esc-joaquimruyra-blanes\/general\/castanyada-2021\/","title":{"rendered":"CASTANYADA 2021"},"content":{"rendered":"<p>L&#8217;\u00faltima setmana d&#8217;octubre des de la comissi\u00f3 de festes i amb l&#8217;ajuda de l&#8217;alumnat i dels mestres es van decorar les finestres amb motius de la tardor creant diferents sanefes. Es van treballar diferents t\u00e8cniques com pintar amb ceres, difuminar ceres,\u00a0 puntillisme, amb l\u00ednies, estampaci\u00f3, treballar amb diferents textures&#8230;<\/p>\n<p>El dia de la Castanyada, al mat\u00ed, cada curs va decorar i pintar un arbre per crear un bosc de la tardor que podrem gaudir al gimn\u00e0s. Tamb\u00e9 es va aprofitar per fer les paperines.<\/p>\n\n<p>A la tarda cada grup es va quedar a l&#8217;aula, i gr\u00e0cies a l&#8217;AMPA, que va comprar i preparar les castanyes i &#8220;Can Pelao&#8221; que ens les van torrar, vam menjar unes castanyes exquisides.<\/p>\n<p>Moltes gr\u00e0cies!<\/p>\n<p><iframe loading=\"lazy\" title=\"Castanyada Escola Joaquim Ruyra 2021-2022\" width=\"500\" height=\"281\" src=\"https:\/\/www.youtube.com\/embed\/11JgaoHnsFA?feature=oembed\" frameborder=\"0\" allow=\"accelerometer; autoplay; clipboard-write; encrypted-media; gyroscope; picture-in-picture; web-share\" referrerpolicy=\"strict-origin-when-cross-origin\" allowfullscreen><\/iframe><\/p>\n<p>&nbsp;<\/p>\n<p>&nbsp;<\/p>\n","protected":false},"excerpt":{"rendered":"<p>L&#8217;\u00faltima setmana d&#8217;octubre des de la comissi\u00f3 de festes i amb l&#8217;ajuda de l&#8217;alumnat i dels mestres es van decorar les finestres amb motius de la tardor creant diferents sanefes. Es van treballar diferents t\u00e8cniques com pintar amb ceres, difuminar ceres,\u00a0 puntillisme, amb l\u00ednies, estampaci\u00f3,&hellip;  <a href=\"https:\/\/agora.xtec.cat\/esc-joaquimruyra-blanes\/general\/castanyada-2021\/\" title=\"Read CASTANYADA 2021\">Llegeix m\u00e9s\u00bb<\/a><\/p>\n","protected":false},"author":11,"featured_media":13828,"comment_status":"closed","ping_status":"closed","sticky":false,"template":"","format":"standard","meta":{"_bbp_topic_count":0,"_bbp_reply_count":0,"_bbp_total_topic_count":0,"_bbp_total_reply_count":0,"_bbp_voice_count":0,"_bbp_anonymous_reply_count":0,"_bbp_topic_count_hidden":0,"_bbp_reply_count_hidden":0,"_bbp_forum_subforum_count":0,"footnotes":""},"categories":[1,32,4,39],"tags":[],"class_list":["post-13831","post","type-post","status-publish","format-standard","has-post-thumbnail","hentry","category-general","category-infantil","category-portada","category-primaria"],"post_mailing_queue_ids":[],"_links":{"self":[{"href":"https:\/\/agora.xtec.cat\/esc-joaquimruyra-blanes\/wp-json\/wp\/v2\/posts\/13831","targetHints":{"allow":["GET"]}}],"collection":[{"href":"https:\/\/agora.xtec.cat\/esc-joaquimruyra-blanes\/wp-json\/wp\/v2\/posts"}],"about":[{"href":"https:\/\/agora.xtec.cat\/esc-joaquimruyra-blanes\/wp-json\/wp\/v2\/types\/post"}],"author":[{"embeddable":true,"href":"https:\/\/agora.xtec.cat\/esc-joaquimruyra-blanes\/wp-json\/wp\/v2\/users\/11"}],"replies":[{"embeddable":true,"href":"https:\/\/agora.xtec.cat\/esc-joaquimruyra-blanes\/wp-json\/wp\/v2\/comments?post=13831"}],"version-history":[{"count":3,"href":"https:\/\/agora.xtec.cat\/esc-joaquimruyra-blanes\/wp-json\/wp\/v2\/posts\/13831\/revisions"}],"predecessor-version":[{"id":13835,"href":"https:\/\/agora.xtec.cat\/esc-joaquimruyra-blanes\/wp-json\/wp\/v2\/posts\/13831\/revisions\/13835"}],"wp:featuredmedia":[{"embeddable":true,"href":"https:\/\/agora.xtec.cat\/esc-joaquimruyra-blanes\/wp-json\/wp\/v2\/media\/13828"}],"wp:attachment":[{"href":"https:\/\/agora.xtec.cat\/esc-joaquimruyra-blanes\/wp-json\/wp\/v2\/media?parent=13831"}],"wp:term":[{"taxonomy":"category","embeddable":true,"href":"https:\/\/agora.xtec.cat\/esc-joaquimruyra-blanes\/wp-json\/wp\/v2\/categories?post=13831"},{"taxonomy":"post_tag","embeddable":true,"href":"https:\/\/agora.xtec.cat\/esc-joaquimruyra-blanes\/wp-json\/wp\/v2\/tags?post=13831"}],"curies":[{"name":"wp","href":"https:\/\/api.w.org\/{rel}","templated":true}]}}