{"id":13739,"date":"2021-10-29T08:39:07","date_gmt":"2021-10-29T06:39:07","guid":{"rendered":"https:\/\/agora.xtec.cat\/esc-joaquimruyra-blanes\/?p=13739"},"modified":"2021-10-29T08:39:07","modified_gmt":"2021-10-29T06:39:07","slug":"obra-de-piet-mondrian","status":"publish","type":"post","link":"https:\/\/agora.xtec.cat\/esc-joaquimruyra-blanes\/general\/obra-de-piet-mondrian\/","title":{"rendered":"Obra de Piet Mondrian"},"content":{"rendered":"<p><span style=\"font-weight: 400;\">Bon dia, fam\u00edlies!<\/span><\/p>\n<p><span style=\"font-weight: 400;\">Els nens i nenes de P5 hem comen\u00e7at el curs amb moltes ganes de treballar i il\u00b7lusi\u00f3! Ja hem apr\u00e8s moltes coses noves, tot i que encara ens en queden moltes per aprendre!<\/span><\/p>\n<p><span style=\"font-weight: 400;\">Us ensenyem una obra que vam pintar per grups cooperatius de Piet Mondrian, ens va quedar d\u2019all\u00f2 m\u00e9s b\u00e9! A m\u00e9s, vam aprendre vocabulari espec\u00edfic matem\u00e0tic com ara: quadrat, rectangle, costat, v\u00e8rtex, l\u00ednia paral\u00b7lela, l\u00ednia perpendicular, l\u00ednies rectes, etc.<\/span><\/p>\n<p><span style=\"font-weight: 400;\">Ara les obres les tenim exposades al passad\u00eds de l\u2019escola perqu\u00e8 tot l\u2019alumnat les pugui veure.\u00a0<\/span><\/p>\n<p><span style=\"font-weight: 400;\">Us ensenyem les fotos del proc\u00e9s i de l\u2019exposici\u00f3.<a href=\"https:\/\/agora.xtec.cat\/esc-joaquimruyra-blanes\/wp-content\/uploads\/usu757\/2021\/10\/Mondrian-P5.jpg\"><img loading=\"lazy\" decoding=\"async\" class=\"aligncenter wp-image-13740 size-large\" src=\"https:\/\/agora.xtec.cat\/esc-joaquimruyra-blanes\/wp-content\/uploads\/usu757\/2021\/10\/Mondrian-P5-1024x819.jpg\" alt=\"\" width=\"1024\" height=\"819\" srcset=\"https:\/\/agora.xtec.cat\/esc-joaquimruyra-blanes\/wp-content\/uploads\/usu757\/2021\/10\/Mondrian-P5-1024x819.jpg 1024w, https:\/\/agora.xtec.cat\/esc-joaquimruyra-blanes\/wp-content\/uploads\/usu757\/2021\/10\/Mondrian-P5-300x240.jpg 300w, https:\/\/agora.xtec.cat\/esc-joaquimruyra-blanes\/wp-content\/uploads\/usu757\/2021\/10\/Mondrian-P5-768x614.jpg 768w, https:\/\/agora.xtec.cat\/esc-joaquimruyra-blanes\/wp-content\/uploads\/usu757\/2021\/10\/Mondrian-P5.jpg 1125w\" sizes=\"auto, (max-width: 1024px) 100vw, 1024px\" \/><\/a><\/span><\/p>\n<p>&nbsp;<\/p>\n","protected":false},"excerpt":{"rendered":"<p>Bon dia, fam\u00edlies!<br \/>\nEls nens i nenes de P5 hem comen\u00e7at el curs amb moltes ganes de treballar i il\u00b7lusi\u00f3! Ja hem apr\u00e8s moltes coses noves, tot i que encara ens en queden moltes per aprendre!<br \/>\nUs ensenyem una obra que vam pintar per grups cooperatius de&hellip;  <a href=\"https:\/\/agora.xtec.cat\/esc-joaquimruyra-blanes\/general\/obra-de-piet-mondrian\/\" title=\"Read Obra de Piet Mondrian\">Llegeix m\u00e9s\u00bb<\/a><\/p>\n","protected":false},"author":1,"featured_media":13696,"comment_status":"closed","ping_status":"closed","sticky":false,"template":"","format":"standard","meta":{"_bbp_topic_count":0,"_bbp_reply_count":0,"_bbp_total_topic_count":0,"_bbp_total_reply_count":0,"_bbp_voice_count":0,"_bbp_anonymous_reply_count":0,"_bbp_topic_count_hidden":0,"_bbp_reply_count_hidden":0,"_bbp_forum_subforum_count":0,"footnotes":""},"categories":[192,1,32,4],"tags":[],"class_list":["post-13739","post","type-post","status-publish","format-standard","has-post-thumbnail","hentry","category-curs-2021-2022","category-general","category-infantil","category-portada"],"post_mailing_queue_ids":[],"_links":{"self":[{"href":"https:\/\/agora.xtec.cat\/esc-joaquimruyra-blanes\/wp-json\/wp\/v2\/posts\/13739","targetHints":{"allow":["GET"]}}],"collection":[{"href":"https:\/\/agora.xtec.cat\/esc-joaquimruyra-blanes\/wp-json\/wp\/v2\/posts"}],"about":[{"href":"https:\/\/agora.xtec.cat\/esc-joaquimruyra-blanes\/wp-json\/wp\/v2\/types\/post"}],"author":[{"embeddable":true,"href":"https:\/\/agora.xtec.cat\/esc-joaquimruyra-blanes\/wp-json\/wp\/v2\/users\/1"}],"replies":[{"embeddable":true,"href":"https:\/\/agora.xtec.cat\/esc-joaquimruyra-blanes\/wp-json\/wp\/v2\/comments?post=13739"}],"version-history":[{"count":3,"href":"https:\/\/agora.xtec.cat\/esc-joaquimruyra-blanes\/wp-json\/wp\/v2\/posts\/13739\/revisions"}],"predecessor-version":[{"id":13743,"href":"https:\/\/agora.xtec.cat\/esc-joaquimruyra-blanes\/wp-json\/wp\/v2\/posts\/13739\/revisions\/13743"}],"wp:featuredmedia":[{"embeddable":true,"href":"https:\/\/agora.xtec.cat\/esc-joaquimruyra-blanes\/wp-json\/wp\/v2\/media\/13696"}],"wp:attachment":[{"href":"https:\/\/agora.xtec.cat\/esc-joaquimruyra-blanes\/wp-json\/wp\/v2\/media?parent=13739"}],"wp:term":[{"taxonomy":"category","embeddable":true,"href":"https:\/\/agora.xtec.cat\/esc-joaquimruyra-blanes\/wp-json\/wp\/v2\/categories?post=13739"},{"taxonomy":"post_tag","embeddable":true,"href":"https:\/\/agora.xtec.cat\/esc-joaquimruyra-blanes\/wp-json\/wp\/v2\/tags?post=13739"}],"curies":[{"name":"wp","href":"https:\/\/api.w.org\/{rel}","templated":true}]}}