{"id":13651,"date":"2021-10-08T16:44:52","date_gmt":"2021-10-08T14:44:52","guid":{"rendered":"https:\/\/agora.xtec.cat\/esc-joaquimruyra-blanes\/?p=13651"},"modified":"2021-10-08T16:44:52","modified_gmt":"2021-10-08T14:44:52","slug":"dia-mundial-de-la-dislexia","status":"publish","type":"post","link":"https:\/\/agora.xtec.cat\/esc-joaquimruyra-blanes\/general\/dia-mundial-de-la-dislexia\/","title":{"rendered":"DIA MUNDIAL DE LA DISL\u00c8XIA"},"content":{"rendered":"<p>Benvolgudes fam\u00edlies,<\/p>\n<p>Avui hem treballat amb l&#8217;alumnat la diversitat. Tots tenim talents i podem tenir, tamb\u00e9, dificultats. El que \u00e9s important \u00e9s recon\u00e8ixer-los per a potenciar-los, en el cas dels talents, i superar-les, en el cas de les dificultats.<\/p>\n<p>Us deixem unes fotos on podreu veure la petita exposici\u00f3 amb personatges famosos, que eren o s\u00f3n disl\u00e8xics, que hem preparat i que hem treballat amb tot l&#8217;alumnat.<\/p>\n<p><a href=\"https:\/\/agora.xtec.cat\/esc-joaquimruyra-blanes\/wp-content\/uploads\/usu757\/2021\/10\/1633701933239-min-scaled.jpg\"><img loading=\"lazy\" decoding=\"async\" class=\"size-large wp-image-13655 aligncenter\" src=\"https:\/\/agora.xtec.cat\/esc-joaquimruyra-blanes\/wp-content\/uploads\/usu757\/2021\/10\/1633701933239-min-1024x768.jpg\" alt=\"\" width=\"1024\" height=\"768\" srcset=\"https:\/\/agora.xtec.cat\/esc-joaquimruyra-blanes\/wp-content\/uploads\/usu757\/2021\/10\/1633701933239-min-1024x768.jpg 1024w, https:\/\/agora.xtec.cat\/esc-joaquimruyra-blanes\/wp-content\/uploads\/usu757\/2021\/10\/1633701933239-min-300x225.jpg 300w, https:\/\/agora.xtec.cat\/esc-joaquimruyra-blanes\/wp-content\/uploads\/usu757\/2021\/10\/1633701933239-min-768x576.jpg 768w, https:\/\/agora.xtec.cat\/esc-joaquimruyra-blanes\/wp-content\/uploads\/usu757\/2021\/10\/1633701933239-min-1536x1152.jpg 1536w, https:\/\/agora.xtec.cat\/esc-joaquimruyra-blanes\/wp-content\/uploads\/usu757\/2021\/10\/1633701933239-min-2048x1536.jpg 2048w, https:\/\/agora.xtec.cat\/esc-joaquimruyra-blanes\/wp-content\/uploads\/usu757\/2021\/10\/1633701933239-min-200x150.jpg 200w\" sizes=\"auto, (max-width: 1024px) 100vw, 1024px\" \/><\/a> <a href=\"https:\/\/agora.xtec.cat\/esc-joaquimruyra-blanes\/wp-content\/uploads\/usu757\/2021\/10\/1633701739351-min-scaled.jpg\"><img loading=\"lazy\" decoding=\"async\" class=\"size-large wp-image-13654 aligncenter\" src=\"https:\/\/agora.xtec.cat\/esc-joaquimruyra-blanes\/wp-content\/uploads\/usu757\/2021\/10\/1633701739351-min-1024x768.jpg\" alt=\"\" width=\"1024\" height=\"768\" srcset=\"https:\/\/agora.xtec.cat\/esc-joaquimruyra-blanes\/wp-content\/uploads\/usu757\/2021\/10\/1633701739351-min-1024x768.jpg 1024w, https:\/\/agora.xtec.cat\/esc-joaquimruyra-blanes\/wp-content\/uploads\/usu757\/2021\/10\/1633701739351-min-300x225.jpg 300w, https:\/\/agora.xtec.cat\/esc-joaquimruyra-blanes\/wp-content\/uploads\/usu757\/2021\/10\/1633701739351-min-768x576.jpg 768w, https:\/\/agora.xtec.cat\/esc-joaquimruyra-blanes\/wp-content\/uploads\/usu757\/2021\/10\/1633701739351-min-1536x1152.jpg 1536w, https:\/\/agora.xtec.cat\/esc-joaquimruyra-blanes\/wp-content\/uploads\/usu757\/2021\/10\/1633701739351-min-2048x1536.jpg 2048w, https:\/\/agora.xtec.cat\/esc-joaquimruyra-blanes\/wp-content\/uploads\/usu757\/2021\/10\/1633701739351-min-200x150.jpg 200w\" sizes=\"auto, (max-width: 1024px) 100vw, 1024px\" \/><\/a> <a href=\"https:\/\/agora.xtec.cat\/esc-joaquimruyra-blanes\/wp-content\/uploads\/usu757\/2021\/10\/1633701739347-min-scaled.jpg\"><img loading=\"lazy\" decoding=\"async\" class=\"size-large wp-image-13653 aligncenter\" src=\"https:\/\/agora.xtec.cat\/esc-joaquimruyra-blanes\/wp-content\/uploads\/usu757\/2021\/10\/1633701739347-min-1024x768.jpg\" alt=\"\" width=\"1024\" height=\"768\" srcset=\"https:\/\/agora.xtec.cat\/esc-joaquimruyra-blanes\/wp-content\/uploads\/usu757\/2021\/10\/1633701739347-min-1024x768.jpg 1024w, https:\/\/agora.xtec.cat\/esc-joaquimruyra-blanes\/wp-content\/uploads\/usu757\/2021\/10\/1633701739347-min-300x225.jpg 300w, https:\/\/agora.xtec.cat\/esc-joaquimruyra-blanes\/wp-content\/uploads\/usu757\/2021\/10\/1633701739347-min-768x576.jpg 768w, https:\/\/agora.xtec.cat\/esc-joaquimruyra-blanes\/wp-content\/uploads\/usu757\/2021\/10\/1633701739347-min-1536x1152.jpg 1536w, https:\/\/agora.xtec.cat\/esc-joaquimruyra-blanes\/wp-content\/uploads\/usu757\/2021\/10\/1633701739347-min-2048x1536.jpg 2048w, https:\/\/agora.xtec.cat\/esc-joaquimruyra-blanes\/wp-content\/uploads\/usu757\/2021\/10\/1633701739347-min-200x150.jpg 200w\" sizes=\"auto, (max-width: 1024px) 100vw, 1024px\" \/><\/a><\/p>\n<p>Seguim!<\/p>\n","protected":false},"excerpt":{"rendered":"<p>Benvolgudes fam\u00edlies,<br \/>\nAvui hem treballat amb l&#8217;alumnat la diversitat. Tots tenim talents i podem tenir, tamb\u00e9, dificultats. El que \u00e9s important \u00e9s recon\u00e8ixer-los per a potenciar-los, en el cas dels talents, i superar-les, en el cas de les dificultats.<br \/>\nUs deixem unes fotos on podreu veure la&hellip;  <a href=\"https:\/\/agora.xtec.cat\/esc-joaquimruyra-blanes\/general\/dia-mundial-de-la-dislexia\/\" title=\"Read DIA MUNDIAL DE LA DISL\u00c8XIA\">Llegeix m\u00e9s\u00bb<\/a><\/p>\n","protected":false},"author":10,"featured_media":13654,"comment_status":"closed","ping_status":"closed","sticky":false,"template":"","format":"standard","meta":{"_bbp_topic_count":0,"_bbp_reply_count":0,"_bbp_total_topic_count":0,"_bbp_total_reply_count":0,"_bbp_voice_count":0,"_bbp_anonymous_reply_count":0,"_bbp_topic_count_hidden":0,"_bbp_reply_count_hidden":0,"_bbp_forum_subforum_count":0,"footnotes":""},"categories":[192,1,155,4,39],"tags":[],"class_list":["post-13651","post","type-post","status-publish","format-standard","has-post-thumbnail","hentry","category-curs-2021-2022","category-general","category-covid-19","category-portada","category-primaria"],"post_mailing_queue_ids":[],"_links":{"self":[{"href":"https:\/\/agora.xtec.cat\/esc-joaquimruyra-blanes\/wp-json\/wp\/v2\/posts\/13651","targetHints":{"allow":["GET"]}}],"collection":[{"href":"https:\/\/agora.xtec.cat\/esc-joaquimruyra-blanes\/wp-json\/wp\/v2\/posts"}],"about":[{"href":"https:\/\/agora.xtec.cat\/esc-joaquimruyra-blanes\/wp-json\/wp\/v2\/types\/post"}],"author":[{"embeddable":true,"href":"https:\/\/agora.xtec.cat\/esc-joaquimruyra-blanes\/wp-json\/wp\/v2\/users\/10"}],"replies":[{"embeddable":true,"href":"https:\/\/agora.xtec.cat\/esc-joaquimruyra-blanes\/wp-json\/wp\/v2\/comments?post=13651"}],"version-history":[{"count":3,"href":"https:\/\/agora.xtec.cat\/esc-joaquimruyra-blanes\/wp-json\/wp\/v2\/posts\/13651\/revisions"}],"predecessor-version":[{"id":13658,"href":"https:\/\/agora.xtec.cat\/esc-joaquimruyra-blanes\/wp-json\/wp\/v2\/posts\/13651\/revisions\/13658"}],"wp:featuredmedia":[{"embeddable":true,"href":"https:\/\/agora.xtec.cat\/esc-joaquimruyra-blanes\/wp-json\/wp\/v2\/media\/13654"}],"wp:attachment":[{"href":"https:\/\/agora.xtec.cat\/esc-joaquimruyra-blanes\/wp-json\/wp\/v2\/media?parent=13651"}],"wp:term":[{"taxonomy":"category","embeddable":true,"href":"https:\/\/agora.xtec.cat\/esc-joaquimruyra-blanes\/wp-json\/wp\/v2\/categories?post=13651"},{"taxonomy":"post_tag","embeddable":true,"href":"https:\/\/agora.xtec.cat\/esc-joaquimruyra-blanes\/wp-json\/wp\/v2\/tags?post=13651"}],"curies":[{"name":"wp","href":"https:\/\/api.w.org\/{rel}","templated":true}]}}