{"id":13492,"date":"2021-09-10T11:46:13","date_gmt":"2021-09-10T09:46:13","guid":{"rendered":"https:\/\/agora.xtec.cat\/esc-joaquimruyra-blanes\/?p=13492"},"modified":"2021-11-04T16:19:02","modified_gmt":"2021-11-04T15:19:02","slug":"requisits-per-accedir-al-centre-escolar","status":"publish","type":"post","link":"https:\/\/agora.xtec.cat\/esc-joaquimruyra-blanes\/general\/requisits-per-accedir-al-centre-escolar\/","title":{"rendered":"REQUISITS PER ACCEDIR AL CENTRE ESCOLAR"},"content":{"rendered":"<p>Benvolgudes fam\u00edlies,<\/p>\n<p>Tal com us vam avan\u00e7ar a les reunions d&#8217;inici de curs, continuen sent necess\u00e0ries unes mesures sanit\u00e0ries sense les quals no es pot accedir a l&#8217;escola.<\/p>\n<p>Aix\u00ed, doncs, cal comprovar que no t\u00e9 cap dels s\u00edmptomes que detallem:<\/p>\n<ul>\n<li>Febre o febr\u00edcula &gt;37,5\u00ba<\/li>\n<li>Tos<\/li>\n<li>Dificultat per respirar<\/li>\n<li>Mal de coll*<\/li>\n<li>Refredat nasal*<\/li>\n<li>Fatiga, dolors musculars i\/o mal de cap<\/li>\n<li>Mal de panxa, amb v\u00f2mits o diarrea<\/li>\n<li>P\u00e8rdua d&#8217;olfacte o gust<\/li>\n<\/ul>\n<p>*El mal de coll i el refredat nasal (amb mocs o sense mocs) s\u00f3n molt habituals en infants. Nom\u00e9s s\u2019han de considerar<br \/>\ns\u00edmptomes potencials de covid-19 si tamb\u00e9 hi ha febre o altres s\u00edmptomes dels que es recullen a la llista. La variant delta<br \/>\ncausa, amb m\u00e9s freq\u00fc\u00e8ncia que les variants anteriors, rinorrea, odinof\u00e0gia i cefalea.<\/p>\n<p>&nbsp;<\/p>\n<p>Recordeu, tamb\u00e9, que \u00e9s obligatori l&#8217;\u00fas de mascareta tant per l&#8217;alumnat a partir de 6 anys com per a tota persona que entri al recinte escolar.<\/p>\n<p>&nbsp;<\/p>\n<p>Seguim!!!<\/p>\n","protected":false},"excerpt":{"rendered":"<p>Benvolgudes fam\u00edlies,<br \/>\nTal com us vam avan\u00e7ar a les reunions d&#8217;inici de curs, continuen sent necess\u00e0ries unes mesures sanit\u00e0ries sense les quals no es pot accedir a l&#8217;escola.<br \/>\nAix\u00ed, doncs, cal comprovar que no t\u00e9 cap dels s\u00edmptomes que detallem:<\/p>\n<ul>\n<li>Febre o febr\u00edcula &gt;37,5\u00ba<\/li>\n<li>Tos<\/li>\n<li>Dificultat per respirar<\/li>\n<li>Mal de coll*<\/li>\n<li>Refredat&hellip;  <a href=\"https:\/\/agora.xtec.cat\/esc-joaquimruyra-blanes\/general\/requisits-per-accedir-al-centre-escolar\/\" title=\"Read REQUISITS PER ACCEDIR AL CENTRE ESCOLAR\">Llegeix m\u00e9s\u00bb<\/a><br \/>\n","protected":false},"author":10,"featured_media":0,"comment_status":"closed","ping_status":"closed","sticky":false,"template":"","format":"standard","meta":{"_bbp_topic_count":0,"_bbp_reply_count":0,"_bbp_total_topic_count":0,"_bbp_total_reply_count":0,"_bbp_voice_count":0,"_bbp_anonymous_reply_count":0,"_bbp_topic_count_hidden":0,"_bbp_reply_count_hidden":0,"_bbp_forum_subforum_count":0,"footnotes":""},"categories":[192,1,4],"tags":[],"class_list":["post-13492","post","type-post","status-publish","format-standard","hentry","category-curs-2021-2022","category-general","category-portada"],"post_mailing_queue_ids":[],"_links":{"self":[{"href":"https:\/\/agora.xtec.cat\/esc-joaquimruyra-blanes\/wp-json\/wp\/v2\/posts\/13492","targetHints":{"allow":["GET"]}}],"collection":[{"href":"https:\/\/agora.xtec.cat\/esc-joaquimruyra-blanes\/wp-json\/wp\/v2\/posts"}],"about":[{"href":"https:\/\/agora.xtec.cat\/esc-joaquimruyra-blanes\/wp-json\/wp\/v2\/types\/post"}],"author":[{"embeddable":true,"href":"https:\/\/agora.xtec.cat\/esc-joaquimruyra-blanes\/wp-json\/wp\/v2\/users\/10"}],"replies":[{"embeddable":true,"href":"https:\/\/agora.xtec.cat\/esc-joaquimruyra-blanes\/wp-json\/wp\/v2\/comments?post=13492"}],"version-history":[{"count":3,"href":"https:\/\/agora.xtec.cat\/esc-joaquimruyra-blanes\/wp-json\/wp\/v2\/posts\/13492\/revisions"}],"predecessor-version":[{"id":13504,"href":"https:\/\/agora.xtec.cat\/esc-joaquimruyra-blanes\/wp-json\/wp\/v2\/posts\/13492\/revisions\/13504"}],"wp:attachment":[{"href":"https:\/\/agora.xtec.cat\/esc-joaquimruyra-blanes\/wp-json\/wp\/v2\/media?parent=13492"}],"wp:term":[{"taxonomy":"category","embeddable":true,"href":"https:\/\/agora.xtec.cat\/esc-joaquimruyra-blanes\/wp-json\/wp\/v2\/categories?post=13492"},{"taxonomy":"post_tag","embeddable":true,"href":"https:\/\/agora.xtec.cat\/esc-joaquimruyra-blanes\/wp-json\/wp\/v2\/tags?post=13492"}],"curies":[{"name":"wp","href":"https:\/\/api.w.org\/{rel}","templated":true}]}}