{"id":13487,"date":"2021-09-08T10:52:30","date_gmt":"2021-09-08T08:52:30","guid":{"rendered":"https:\/\/agora.xtec.cat\/esc-joaquimruyra-blanes\/?p=13487"},"modified":"2021-09-10T11:53:22","modified_gmt":"2021-09-10T09:53:22","slug":"reunions-inici-de-curs","status":"publish","type":"post","link":"https:\/\/agora.xtec.cat\/esc-joaquimruyra-blanes\/general\/reunions-inici-de-curs\/","title":{"rendered":"REUNIONS INICI DE CURS"},"content":{"rendered":"<p>Benvolgudes fam\u00edlies,<\/p>\n<p>Aquesta tarda, dimecres 8 de setembre, i dem\u00e0, dijous 9 de setembre, farem les reunions d&#8217;inici de curs.<\/p>\n<p><a href=\"https:\/\/agora.xtec.cat\/esc-joaquimruyra-blanes\/wp-content\/uploads\/usu757\/2020\/10\/th.jpg\"><img loading=\"lazy\" decoding=\"async\" class=\"alignnone size-full wp-image-11602\" src=\"https:\/\/agora.xtec.cat\/esc-joaquimruyra-blanes\/wp-content\/uploads\/usu757\/2020\/10\/th.jpg\" alt=\"\" width=\"474\" height=\"144\" srcset=\"https:\/\/agora.xtec.cat\/esc-joaquimruyra-blanes\/wp-content\/uploads\/usu757\/2020\/10\/th.jpg 474w, https:\/\/agora.xtec.cat\/esc-joaquimruyra-blanes\/wp-content\/uploads\/usu757\/2020\/10\/th-300x91.jpg 300w\" sizes=\"auto, (max-width: 474px) 100vw, 474px\" \/><\/a><\/p>\n<p>Avui dimecres a les 17h, les de 1r i 2n. A les 18h, les de P3, P4 i P5.<\/p>\n<p>Dem\u00e0 dijous a les 17h, les de 3r i 4t. a les 18h, les de 5\u00e8 i 6\u00e8.<\/p>\n<p>Recordeu que cal mantenir la dist\u00e0ncia de seguretat, rentar mans a l&#8217;entrada del recinte escolar i abstenir-se de venir en cas de presentar alguna simptomatologia relacionada amb la Covid-19.<\/p>\n<p>Ens veiem ben aviat!!!<\/p>\n<p>&nbsp;<\/p>\n","protected":false},"excerpt":{"rendered":"<p>Benvolgudes fam\u00edlies,<br \/>\nAquesta tarda, dimecres 8 de setembre, i dem\u00e0, dijous 9 de setembre, farem les reunions d&#8217;inici de curs.<br \/>\n<a href=\"https:\/\/agora.xtec.cat\/esc-joaquimruyra-blanes\/wp-content\/uploads\/usu757\/2020\/10\/th.jpg\"><\/a><br \/>\nAvui dimecres a les 17h, les de 1r i 2n. A les 18h, les de P3, P4 i P5.<br \/>\nDem\u00e0 dijous a les 17h, les de 3r&hellip;  <a href=\"https:\/\/agora.xtec.cat\/esc-joaquimruyra-blanes\/general\/reunions-inici-de-curs\/\" title=\"Read REUNIONS INICI DE CURS\">Llegeix m\u00e9s\u00bb<\/a><\/p>\n","protected":false},"author":10,"featured_media":0,"comment_status":"closed","ping_status":"closed","sticky":false,"template":"","format":"standard","meta":{"_bbp_topic_count":0,"_bbp_reply_count":0,"_bbp_total_topic_count":0,"_bbp_total_reply_count":0,"_bbp_voice_count":0,"_bbp_anonymous_reply_count":0,"_bbp_topic_count_hidden":0,"_bbp_reply_count_hidden":0,"_bbp_forum_subforum_count":0,"footnotes":""},"categories":[192,1,32,4,39],"tags":[],"class_list":["post-13487","post","type-post","status-publish","format-standard","hentry","category-curs-2021-2022","category-general","category-infantil","category-portada","category-primaria"],"post_mailing_queue_ids":[],"_links":{"self":[{"href":"https:\/\/agora.xtec.cat\/esc-joaquimruyra-blanes\/wp-json\/wp\/v2\/posts\/13487","targetHints":{"allow":["GET"]}}],"collection":[{"href":"https:\/\/agora.xtec.cat\/esc-joaquimruyra-blanes\/wp-json\/wp\/v2\/posts"}],"about":[{"href":"https:\/\/agora.xtec.cat\/esc-joaquimruyra-blanes\/wp-json\/wp\/v2\/types\/post"}],"author":[{"embeddable":true,"href":"https:\/\/agora.xtec.cat\/esc-joaquimruyra-blanes\/wp-json\/wp\/v2\/users\/10"}],"replies":[{"embeddable":true,"href":"https:\/\/agora.xtec.cat\/esc-joaquimruyra-blanes\/wp-json\/wp\/v2\/comments?post=13487"}],"version-history":[{"count":2,"href":"https:\/\/agora.xtec.cat\/esc-joaquimruyra-blanes\/wp-json\/wp\/v2\/posts\/13487\/revisions"}],"predecessor-version":[{"id":13489,"href":"https:\/\/agora.xtec.cat\/esc-joaquimruyra-blanes\/wp-json\/wp\/v2\/posts\/13487\/revisions\/13489"}],"wp:attachment":[{"href":"https:\/\/agora.xtec.cat\/esc-joaquimruyra-blanes\/wp-json\/wp\/v2\/media?parent=13487"}],"wp:term":[{"taxonomy":"category","embeddable":true,"href":"https:\/\/agora.xtec.cat\/esc-joaquimruyra-blanes\/wp-json\/wp\/v2\/categories?post=13487"},{"taxonomy":"post_tag","embeddable":true,"href":"https:\/\/agora.xtec.cat\/esc-joaquimruyra-blanes\/wp-json\/wp\/v2\/tags?post=13487"}],"curies":[{"name":"wp","href":"https:\/\/api.w.org\/{rel}","templated":true}]}}