{"id":13207,"date":"2021-06-16T13:11:35","date_gmt":"2021-06-16T11:11:35","guid":{"rendered":"http:\/\/agora.xtec.cat\/esc-joaquimruyra-blanes\/?p=13207"},"modified":"2021-09-08T10:53:56","modified_gmt":"2021-09-08T08:53:56","slug":"novetats-material-didactic-curs-2021-2022","status":"publish","type":"post","link":"https:\/\/agora.xtec.cat\/esc-joaquimruyra-blanes\/general\/novetats-material-didactic-curs-2021-2022\/","title":{"rendered":"Novetats MATERIAL DID\u00c0CTIC curs 2021\/2022"},"content":{"rendered":"<p>Benvolgudes fam\u00edlies,<\/p>\n<p>Estem emocionades amb el nou material did\u00e0ctic escollit per diferents \u00e0rees de coneixement pel curs vinent. Aquest material es recolza en una metodologia de treball molt motivadora on l&#8217;alumnat \u00e9s el protagonista del proc\u00e9s d&#8217;ensenyament-aprenentatge.<\/p>\n<p>Us deixem una presentaci\u00f3 amb <strong>quatre\u00a0v\u00eddeos<\/strong> perqu\u00e8 els pugueu con\u00e8ixer!!!<\/p>\n<p>Cliqueu aqu\u00ed:<\/p>\n<p><span style=\"color: #800080;\"><a href=\"https:\/\/www.canva.com\/design\/DAEhh7qXgxo\/mQvqvk0XR6TWWvM9LPw_Fg\/view?presentation\">NOVETAT MATERIAL DID\u00c0CTIC<\/a>\u00a0<\/span><\/p>\n<p><a href=\"https:\/\/www.canva.com\/design\/DAEhh7qXgxo\/mQvqvk0XR6TWWvM9LPw_Fg\/view?presentation\"><img loading=\"lazy\" decoding=\"async\" class=\"wp-image-13215 size-full aligncenter\" src=\"https:\/\/agora.xtec.cat\/esc-joaquimruyra-blanes\/wp-content\/uploads\/usu757\/2021\/06\/1-3.jpg\" alt=\"\" width=\"800\" height=\"800\" srcset=\"https:\/\/agora.xtec.cat\/esc-joaquimruyra-blanes\/wp-content\/uploads\/usu757\/2021\/06\/1-3.jpg 800w, https:\/\/agora.xtec.cat\/esc-joaquimruyra-blanes\/wp-content\/uploads\/usu757\/2021\/06\/1-3-150x150.jpg 150w, https:\/\/agora.xtec.cat\/esc-joaquimruyra-blanes\/wp-content\/uploads\/usu757\/2021\/06\/1-3-300x300.jpg 300w, https:\/\/agora.xtec.cat\/esc-joaquimruyra-blanes\/wp-content\/uploads\/usu757\/2021\/06\/1-3-768x768.jpg 768w\" sizes=\"auto, (max-width: 800px) 100vw, 800px\" \/><\/a><\/p>\n","protected":false},"excerpt":{"rendered":"<p>Benvolgudes fam\u00edlies,<br \/>\nEstem emocionades amb el nou material did\u00e0ctic escollit per diferents \u00e0rees de coneixement pel curs vinent. Aquest material es recolza en una metodologia de treball molt motivadora on l&#8217;alumnat \u00e9s el protagonista del proc\u00e9s d&#8217;ensenyament-aprenentatge.<br \/>\nUs deixem una presentaci\u00f3 amb quatre\u00a0v\u00eddeos perqu\u00e8 els pugueu con\u00e8ixer!!!<br \/>\nCliqueu&hellip;  <a href=\"https:\/\/agora.xtec.cat\/esc-joaquimruyra-blanes\/general\/novetats-material-didactic-curs-2021-2022\/\" title=\"Read Novetats MATERIAL DID\u00c0CTIC curs 2021\/2022\">Llegeix m\u00e9s\u00bb<\/a><\/p>\n","protected":false},"author":10,"featured_media":13215,"comment_status":"closed","ping_status":"closed","sticky":false,"template":"","format":"standard","meta":{"_bbp_topic_count":0,"_bbp_reply_count":0,"_bbp_total_topic_count":0,"_bbp_total_reply_count":0,"_bbp_voice_count":0,"_bbp_anonymous_reply_count":0,"_bbp_topic_count_hidden":0,"_bbp_reply_count_hidden":0,"_bbp_forum_subforum_count":0,"footnotes":""},"categories":[1,4,39],"tags":[],"class_list":["post-13207","post","type-post","status-publish","format-standard","has-post-thumbnail","hentry","category-general","category-portada","category-primaria"],"post_mailing_queue_ids":[],"_links":{"self":[{"href":"https:\/\/agora.xtec.cat\/esc-joaquimruyra-blanes\/wp-json\/wp\/v2\/posts\/13207","targetHints":{"allow":["GET"]}}],"collection":[{"href":"https:\/\/agora.xtec.cat\/esc-joaquimruyra-blanes\/wp-json\/wp\/v2\/posts"}],"about":[{"href":"https:\/\/agora.xtec.cat\/esc-joaquimruyra-blanes\/wp-json\/wp\/v2\/types\/post"}],"author":[{"embeddable":true,"href":"https:\/\/agora.xtec.cat\/esc-joaquimruyra-blanes\/wp-json\/wp\/v2\/users\/10"}],"replies":[{"embeddable":true,"href":"https:\/\/agora.xtec.cat\/esc-joaquimruyra-blanes\/wp-json\/wp\/v2\/comments?post=13207"}],"version-history":[{"count":3,"href":"https:\/\/agora.xtec.cat\/esc-joaquimruyra-blanes\/wp-json\/wp\/v2\/posts\/13207\/revisions"}],"predecessor-version":[{"id":13230,"href":"https:\/\/agora.xtec.cat\/esc-joaquimruyra-blanes\/wp-json\/wp\/v2\/posts\/13207\/revisions\/13230"}],"wp:featuredmedia":[{"embeddable":true,"href":"https:\/\/agora.xtec.cat\/esc-joaquimruyra-blanes\/wp-json\/wp\/v2\/media\/13215"}],"wp:attachment":[{"href":"https:\/\/agora.xtec.cat\/esc-joaquimruyra-blanes\/wp-json\/wp\/v2\/media?parent=13207"}],"wp:term":[{"taxonomy":"category","embeddable":true,"href":"https:\/\/agora.xtec.cat\/esc-joaquimruyra-blanes\/wp-json\/wp\/v2\/categories?post=13207"},{"taxonomy":"post_tag","embeddable":true,"href":"https:\/\/agora.xtec.cat\/esc-joaquimruyra-blanes\/wp-json\/wp\/v2\/tags?post=13207"}],"curies":[{"name":"wp","href":"https:\/\/api.w.org\/{rel}","templated":true}]}}