{"id":13033,"date":"2021-05-26T16:16:59","date_gmt":"2021-05-26T14:16:59","guid":{"rendered":"http:\/\/agora.xtec.cat\/esc-joaquimruyra-blanes\/?p=13033"},"modified":"2021-05-26T16:19:29","modified_gmt":"2021-05-26T14:19:29","slug":"nou-element-al-nostre-pati","status":"publish","type":"post","link":"https:\/\/agora.xtec.cat\/esc-joaquimruyra-blanes\/general\/nou-element-al-nostre-pati\/","title":{"rendered":"NOU ELEMENT AL NOSTRE PATI!!!"},"content":{"rendered":"<p><a href=\"https:\/\/agora.xtec.cat\/esc-joaquimruyra-blanes\/wp-content\/uploads\/usu757\/2021\/05\/IMG_20210526_155906-min.jpg\"><img loading=\"lazy\" decoding=\"async\" class=\"alignleft wp-image-13032 size-large\" src=\"https:\/\/agora.xtec.cat\/esc-joaquimruyra-blanes\/wp-content\/uploads\/usu757\/2021\/05\/IMG_20210526_155906-min-1024x768.jpg\" alt=\"\" width=\"1024\" height=\"768\" srcset=\"https:\/\/agora.xtec.cat\/esc-joaquimruyra-blanes\/wp-content\/uploads\/usu757\/2021\/05\/IMG_20210526_155906-min-1024x768.jpg 1024w, https:\/\/agora.xtec.cat\/esc-joaquimruyra-blanes\/wp-content\/uploads\/usu757\/2021\/05\/IMG_20210526_155906-min-300x225.jpg 300w, https:\/\/agora.xtec.cat\/esc-joaquimruyra-blanes\/wp-content\/uploads\/usu757\/2021\/05\/IMG_20210526_155906-min-768x576.jpg 768w, https:\/\/agora.xtec.cat\/esc-joaquimruyra-blanes\/wp-content\/uploads\/usu757\/2021\/05\/IMG_20210526_155906-min-200x150.jpg 200w\" sizes=\"auto, (max-width: 1024px) 100vw, 1024px\" \/><\/a>En la darrera reuni\u00f3 que l&#8217;equip directiu va fer amb els delegats de l&#8217;escola, l&#8217;alumnat de cicle superior va sol\u00b7licitar que es cre\u00e9s un espai per aparcar patinets al nostre centre.<\/p>\n<p>Despr\u00e9s de gestions diverses i d&#8217;estudiar diferents opcions, per fi tenim aparcament per a 10 patinets. Malauradament, no en podem tenir m\u00e9s, de moment, a causa de la despesa econ\u00f2mica que ens genera per\u00f2, tamb\u00e9, i no menys important, per l&#8217;espai que ens ocupa. Ja sabeu que al nostre pati no li sobra ni un metre!!!<\/p>\n<p>Ara haurem de gestionar el seu us. De moment, el comen\u00e7aran a fer servir alumnes de cicle superior, que s\u00f3n els que venen sols, i els que van suggerir aquesta proposta. Farem un calendari i cada setmana el podran utilitzar de manera alternativa els de sis\u00e8 i els de cinqu\u00e8.<\/p>\n<p>Confiem que entre tots cuidem aquest espai i li donem un bon \u00fas!<\/p>\n<p>&nbsp;<\/p>\n<p>&nbsp;<\/p>\n","protected":false},"excerpt":{"rendered":"<p><a href=\"https:\/\/agora.xtec.cat\/esc-joaquimruyra-blanes\/wp-content\/uploads\/usu757\/2021\/05\/IMG_20210526_155906-min.jpg\"><\/a>En la darrera reuni\u00f3 que l&#8217;equip directiu va fer amb els delegats de l&#8217;escola, l&#8217;alumnat de cicle superior va sol\u00b7licitar que es cre\u00e9s un espai per aparcar patinets al nostre centre.<br \/>\nDespr\u00e9s de gestions diverses i d&#8217;estudiar diferents opcions, per fi tenim aparcament per a&hellip;  <a href=\"https:\/\/agora.xtec.cat\/esc-joaquimruyra-blanes\/general\/nou-element-al-nostre-pati\/\" title=\"Read NOU ELEMENT AL NOSTRE PATI!!!\">Llegeix m\u00e9s\u00bb<\/a><\/p>\n","protected":false},"author":10,"featured_media":13032,"comment_status":"closed","ping_status":"closed","sticky":false,"template":"","format":"standard","meta":{"_bbp_topic_count":0,"_bbp_reply_count":0,"_bbp_total_topic_count":0,"_bbp_total_reply_count":0,"_bbp_voice_count":0,"_bbp_anonymous_reply_count":0,"_bbp_topic_count_hidden":0,"_bbp_reply_count_hidden":0,"_bbp_forum_subforum_count":0,"footnotes":""},"categories":[14,15,164,1,4],"tags":[],"class_list":["post-13033","post","type-post","status-publish","format-standard","has-post-thumbnail","hentry","category-5e","category-6e","category-curs-2020-2021","category-general","category-portada"],"post_mailing_queue_ids":[],"_links":{"self":[{"href":"https:\/\/agora.xtec.cat\/esc-joaquimruyra-blanes\/wp-json\/wp\/v2\/posts\/13033","targetHints":{"allow":["GET"]}}],"collection":[{"href":"https:\/\/agora.xtec.cat\/esc-joaquimruyra-blanes\/wp-json\/wp\/v2\/posts"}],"about":[{"href":"https:\/\/agora.xtec.cat\/esc-joaquimruyra-blanes\/wp-json\/wp\/v2\/types\/post"}],"author":[{"embeddable":true,"href":"https:\/\/agora.xtec.cat\/esc-joaquimruyra-blanes\/wp-json\/wp\/v2\/users\/10"}],"replies":[{"embeddable":true,"href":"https:\/\/agora.xtec.cat\/esc-joaquimruyra-blanes\/wp-json\/wp\/v2\/comments?post=13033"}],"version-history":[{"count":3,"href":"https:\/\/agora.xtec.cat\/esc-joaquimruyra-blanes\/wp-json\/wp\/v2\/posts\/13033\/revisions"}],"predecessor-version":[{"id":13037,"href":"https:\/\/agora.xtec.cat\/esc-joaquimruyra-blanes\/wp-json\/wp\/v2\/posts\/13033\/revisions\/13037"}],"wp:featuredmedia":[{"embeddable":true,"href":"https:\/\/agora.xtec.cat\/esc-joaquimruyra-blanes\/wp-json\/wp\/v2\/media\/13032"}],"wp:attachment":[{"href":"https:\/\/agora.xtec.cat\/esc-joaquimruyra-blanes\/wp-json\/wp\/v2\/media?parent=13033"}],"wp:term":[{"taxonomy":"category","embeddable":true,"href":"https:\/\/agora.xtec.cat\/esc-joaquimruyra-blanes\/wp-json\/wp\/v2\/categories?post=13033"},{"taxonomy":"post_tag","embeddable":true,"href":"https:\/\/agora.xtec.cat\/esc-joaquimruyra-blanes\/wp-json\/wp\/v2\/tags?post=13033"}],"curies":[{"name":"wp","href":"https:\/\/api.w.org\/{rel}","templated":true}]}}