{"id":13019,"date":"2021-05-24T12:41:51","date_gmt":"2021-05-24T10:41:51","guid":{"rendered":"http:\/\/agora.xtec.cat\/esc-joaquimruyra-blanes\/?p=13019"},"modified":"2021-05-24T14:53:18","modified_gmt":"2021-05-24T12:53:18","slug":"compartim-el-nostre-projecte-amb-lalcalde-de-blanes","status":"publish","type":"post","link":"https:\/\/agora.xtec.cat\/esc-joaquimruyra-blanes\/general\/compartim-el-nostre-projecte-amb-lalcalde-de-blanes\/","title":{"rendered":"Compartim el nostre projecte amb l\u2019alcalde de Blanes!"},"content":{"rendered":"<p>El passat divendres 21 de maig, durant l\u2019excursi\u00f3, v\u00e0rem fer una parada a la Pla\u00e7a del Dies Feiners per parlar amb l\u2019alcalde del nostre poble.<br \/>\nEl senyor \u00c0ngel Canosa Fern\u00e1ndez va respondre a totes les preguntes que encuriosits varen formular els infants de segon.<br \/>\nLi vam donar una c\u00f2pia del projecte \u201cBlanes, t\u2019estimo\u201d i una carta redactada entre tots els nens i nenes de segon.<br \/>\nVam passar una estona molt agradable. Mestres i alumnat vam agrair molt l\u2019amabilitat i simpatia de l\u2019alcalde.<br \/>\nEns vam acomiadar i el Sr. \u00c0ngel Canosa va dir als nens i nenes que sempre que el vegin pel carrer el saludin, que li fa molta il\u00b7lusi\u00f3. Aix\u00ed ho farem!<br \/>\n<a href=\"https:\/\/agora.xtec.cat\/esc-joaquimruyra-blanes\/wp-content\/uploads\/usu757\/2021\/05\/6948B9EF-0141-43D6-BB60-533C57531FE6.jpeg\"><img loading=\"lazy\" decoding=\"async\" class=\"alignnone size-medium wp-image-13020\" src=\"https:\/\/agora.xtec.cat\/esc-joaquimruyra-blanes\/wp-content\/uploads\/usu757\/2021\/05\/6948B9EF-0141-43D6-BB60-533C57531FE6-212x300.jpeg\" alt=\"\" width=\"212\" height=\"300\" srcset=\"https:\/\/agora.xtec.cat\/esc-joaquimruyra-blanes\/wp-content\/uploads\/usu757\/2021\/05\/6948B9EF-0141-43D6-BB60-533C57531FE6-212x300.jpeg 212w, https:\/\/agora.xtec.cat\/esc-joaquimruyra-blanes\/wp-content\/uploads\/usu757\/2021\/05\/6948B9EF-0141-43D6-BB60-533C57531FE6-768x1086.jpeg 768w, https:\/\/agora.xtec.cat\/esc-joaquimruyra-blanes\/wp-content\/uploads\/usu757\/2021\/05\/6948B9EF-0141-43D6-BB60-533C57531FE6-724x1024.jpeg 724w, https:\/\/agora.xtec.cat\/esc-joaquimruyra-blanes\/wp-content\/uploads\/usu757\/2021\/05\/6948B9EF-0141-43D6-BB60-533C57531FE6.jpeg 1127w\" sizes=\"auto, (max-width: 212px) 100vw, 212px\" \/><\/a><\/p>\n","protected":false},"excerpt":{"rendered":"<p>El passat divendres 21 de maig, durant l\u2019excursi\u00f3, v\u00e0rem fer una parada a la Pla\u00e7a del Dies Feiners per parlar amb l\u2019alcalde del nostre poble.<br \/>\nEl senyor \u00c0ngel Canosa Fern\u00e1ndez va respondre a totes les preguntes que encuriosits varen formular els infants de segon.<br \/>\nLi vam donar&hellip;  <a href=\"https:\/\/agora.xtec.cat\/esc-joaquimruyra-blanes\/general\/compartim-el-nostre-projecte-amb-lalcalde-de-blanes\/\" title=\"Read Compartim el nostre projecte amb l\u2019alcalde de Blanes!\">Llegeix m\u00e9s\u00bb<\/a><\/p>\n","protected":false},"author":20,"featured_media":13022,"comment_status":"closed","ping_status":"closed","sticky":false,"template":"","format":"standard","meta":{"_bbp_topic_count":0,"_bbp_reply_count":0,"_bbp_total_topic_count":0,"_bbp_total_reply_count":0,"_bbp_voice_count":0,"_bbp_anonymous_reply_count":0,"_bbp_topic_count_hidden":0,"_bbp_reply_count_hidden":0,"_bbp_forum_subforum_count":0,"footnotes":""},"categories":[23,164,1,4],"tags":[],"class_list":["post-13019","post","type-post","status-publish","format-standard","has-post-thumbnail","hentry","category-2n","category-curs-2020-2021","category-general","category-portada"],"post_mailing_queue_ids":[],"_links":{"self":[{"href":"https:\/\/agora.xtec.cat\/esc-joaquimruyra-blanes\/wp-json\/wp\/v2\/posts\/13019","targetHints":{"allow":["GET"]}}],"collection":[{"href":"https:\/\/agora.xtec.cat\/esc-joaquimruyra-blanes\/wp-json\/wp\/v2\/posts"}],"about":[{"href":"https:\/\/agora.xtec.cat\/esc-joaquimruyra-blanes\/wp-json\/wp\/v2\/types\/post"}],"author":[{"embeddable":true,"href":"https:\/\/agora.xtec.cat\/esc-joaquimruyra-blanes\/wp-json\/wp\/v2\/users\/20"}],"replies":[{"embeddable":true,"href":"https:\/\/agora.xtec.cat\/esc-joaquimruyra-blanes\/wp-json\/wp\/v2\/comments?post=13019"}],"version-history":[{"count":3,"href":"https:\/\/agora.xtec.cat\/esc-joaquimruyra-blanes\/wp-json\/wp\/v2\/posts\/13019\/revisions"}],"predecessor-version":[{"id":13025,"href":"https:\/\/agora.xtec.cat\/esc-joaquimruyra-blanes\/wp-json\/wp\/v2\/posts\/13019\/revisions\/13025"}],"wp:featuredmedia":[{"embeddable":true,"href":"https:\/\/agora.xtec.cat\/esc-joaquimruyra-blanes\/wp-json\/wp\/v2\/media\/13022"}],"wp:attachment":[{"href":"https:\/\/agora.xtec.cat\/esc-joaquimruyra-blanes\/wp-json\/wp\/v2\/media?parent=13019"}],"wp:term":[{"taxonomy":"category","embeddable":true,"href":"https:\/\/agora.xtec.cat\/esc-joaquimruyra-blanes\/wp-json\/wp\/v2\/categories?post=13019"},{"taxonomy":"post_tag","embeddable":true,"href":"https:\/\/agora.xtec.cat\/esc-joaquimruyra-blanes\/wp-json\/wp\/v2\/tags?post=13019"}],"curies":[{"name":"wp","href":"https:\/\/api.w.org\/{rel}","templated":true}]}}