{"id":13004,"date":"2021-05-23T11:00:18","date_gmt":"2021-05-23T09:00:18","guid":{"rendered":"http:\/\/agora.xtec.cat\/esc-joaquimruyra-blanes\/?p=13004"},"modified":"2021-05-27T21:16:08","modified_gmt":"2021-05-27T19:16:08","slug":"excursio-de-1r-construim-un-vaixell","status":"publish","type":"post","link":"https:\/\/agora.xtec.cat\/esc-joaquimruyra-blanes\/general\/excursio-de-1r-construim-un-vaixell\/","title":{"rendered":"Excursi\u00f3 de 1r: &#8220;Constru\u00efm un vaixell!&#8221;"},"content":{"rendered":"<p>Fam\u00edlies,<\/p>\n<p>Us deixem un resum en forma d&#8217;imatges de l&#8217;excursi\u00f3 del passat divendres 21 de maig.<\/p>\n<p>Un dia ben emocionant!!!<\/p>\n\n","protected":false},"excerpt":{"rendered":"<p>Fam\u00edlies,<br \/>\nUs deixem un resum en forma d&#8217;imatges de l&#8217;excursi\u00f3 del passat divendres 21 de maig.<br \/>\nUn dia ben emocionant!!!<\/p>\n","protected":false},"author":16,"featured_media":13013,"comment_status":"closed","ping_status":"closed","sticky":false,"template":"","format":"standard","meta":{"_bbp_topic_count":0,"_bbp_reply_count":0,"_bbp_total_topic_count":0,"_bbp_total_reply_count":0,"_bbp_voice_count":0,"_bbp_anonymous_reply_count":0,"_bbp_topic_count_hidden":0,"_bbp_reply_count_hidden":0,"_bbp_forum_subforum_count":0,"footnotes":""},"categories":[24,164,1,4,39],"tags":[185,183,184],"class_list":["post-13004","post","type-post","status-publish","format-standard","has-post-thumbnail","hentry","category-1r","category-curs-2020-2021","category-general","category-portada","category-primaria","tag-apadrinem-la-platja-de-la-vila","tag-construim-un-vaixell","tag-flotabilitat"],"post_mailing_queue_ids":[],"_links":{"self":[{"href":"https:\/\/agora.xtec.cat\/esc-joaquimruyra-blanes\/wp-json\/wp\/v2\/posts\/13004","targetHints":{"allow":["GET"]}}],"collection":[{"href":"https:\/\/agora.xtec.cat\/esc-joaquimruyra-blanes\/wp-json\/wp\/v2\/posts"}],"about":[{"href":"https:\/\/agora.xtec.cat\/esc-joaquimruyra-blanes\/wp-json\/wp\/v2\/types\/post"}],"author":[{"embeddable":true,"href":"https:\/\/agora.xtec.cat\/esc-joaquimruyra-blanes\/wp-json\/wp\/v2\/users\/16"}],"replies":[{"embeddable":true,"href":"https:\/\/agora.xtec.cat\/esc-joaquimruyra-blanes\/wp-json\/wp\/v2\/comments?post=13004"}],"version-history":[{"count":3,"href":"https:\/\/agora.xtec.cat\/esc-joaquimruyra-blanes\/wp-json\/wp\/v2\/posts\/13004\/revisions"}],"predecessor-version":[{"id":13018,"href":"https:\/\/agora.xtec.cat\/esc-joaquimruyra-blanes\/wp-json\/wp\/v2\/posts\/13004\/revisions\/13018"}],"wp:featuredmedia":[{"embeddable":true,"href":"https:\/\/agora.xtec.cat\/esc-joaquimruyra-blanes\/wp-json\/wp\/v2\/media\/13013"}],"wp:attachment":[{"href":"https:\/\/agora.xtec.cat\/esc-joaquimruyra-blanes\/wp-json\/wp\/v2\/media?parent=13004"}],"wp:term":[{"taxonomy":"category","embeddable":true,"href":"https:\/\/agora.xtec.cat\/esc-joaquimruyra-blanes\/wp-json\/wp\/v2\/categories?post=13004"},{"taxonomy":"post_tag","embeddable":true,"href":"https:\/\/agora.xtec.cat\/esc-joaquimruyra-blanes\/wp-json\/wp\/v2\/tags?post=13004"}],"curies":[{"name":"wp","href":"https:\/\/api.w.org\/{rel}","templated":true}]}}