{"id":12984,"date":"2021-05-19T18:39:06","date_gmt":"2021-05-19T16:39:06","guid":{"rendered":"http:\/\/agora.xtec.cat\/esc-joaquimruyra-blanes\/?p=12984"},"modified":"2021-05-19T18:39:44","modified_gmt":"2021-05-19T16:39:44","slug":"dia-escolar-de-les-matematiques","status":"publish","type":"post","link":"https:\/\/agora.xtec.cat\/esc-joaquimruyra-blanes\/general\/dia-escolar-de-les-matematiques\/","title":{"rendered":"DIA ESCOLAR DE LES MATEM\u00c0TIQUES."},"content":{"rendered":"<p>El passat dimecres 12 de maig vam celebrar el DIA ESCOLAR DE LES MATEM\u00c0TIQUES amb una exposici\u00f3 fotogr\u00e0fica, uns jocs d&#8217;estimaci\u00f3 per l&#8217;alumnat de prim\u00e0ria i diversos jocs matem\u00e0tics a infantil.<\/p>\n<p>Moltes gr\u00e0cies fam\u00edlies per la vostra col\u00b7laboraci\u00f3.<\/p>\n<p><iframe loading=\"lazy\" title=\"Dia escolar de les matem\u00e0tiques\" width=\"500\" height=\"281\" src=\"https:\/\/www.youtube.com\/embed\/wITUgtli45g?feature=oembed\" frameborder=\"0\" allow=\"accelerometer; autoplay; clipboard-write; encrypted-media; gyroscope; picture-in-picture; web-share\" referrerpolicy=\"strict-origin-when-cross-origin\" allowfullscreen><\/iframe><\/p>\n<p>&nbsp;<\/p>\n<p>&nbsp;<\/p>\n","protected":false},"excerpt":{"rendered":"<p>El passat dimecres 12 de maig vam celebrar el DIA ESCOLAR DE LES MATEM\u00c0TIQUES amb una exposici\u00f3 fotogr\u00e0fica, uns jocs d&#8217;estimaci\u00f3 per l&#8217;alumnat de prim\u00e0ria i diversos jocs matem\u00e0tics a infantil.<br \/>\nMoltes gr\u00e0cies fam\u00edlies per la vostra col\u00b7laboraci\u00f3.<\/p>\n<p>&nbsp;<br \/>\n&nbsp;<\/p>\n","protected":false},"author":1,"featured_media":13002,"comment_status":"closed","ping_status":"closed","sticky":false,"template":"","format":"standard","meta":{"_bbp_topic_count":0,"_bbp_reply_count":0,"_bbp_total_topic_count":0,"_bbp_total_reply_count":0,"_bbp_voice_count":0,"_bbp_anonymous_reply_count":0,"_bbp_topic_count_hidden":0,"_bbp_reply_count_hidden":0,"_bbp_forum_subforum_count":0,"footnotes":""},"categories":[24,23,12,13,14,15,164,1,32,4,39],"tags":[],"class_list":["post-12984","post","type-post","status-publish","format-standard","has-post-thumbnail","hentry","category-1r","category-2n","category-3r","category-4t","category-5e","category-6e","category-curs-2020-2021","category-general","category-infantil","category-portada","category-primaria"],"post_mailing_queue_ids":[],"_links":{"self":[{"href":"https:\/\/agora.xtec.cat\/esc-joaquimruyra-blanes\/wp-json\/wp\/v2\/posts\/12984","targetHints":{"allow":["GET"]}}],"collection":[{"href":"https:\/\/agora.xtec.cat\/esc-joaquimruyra-blanes\/wp-json\/wp\/v2\/posts"}],"about":[{"href":"https:\/\/agora.xtec.cat\/esc-joaquimruyra-blanes\/wp-json\/wp\/v2\/types\/post"}],"author":[{"embeddable":true,"href":"https:\/\/agora.xtec.cat\/esc-joaquimruyra-blanes\/wp-json\/wp\/v2\/users\/1"}],"replies":[{"embeddable":true,"href":"https:\/\/agora.xtec.cat\/esc-joaquimruyra-blanes\/wp-json\/wp\/v2\/comments?post=12984"}],"version-history":[{"count":2,"href":"https:\/\/agora.xtec.cat\/esc-joaquimruyra-blanes\/wp-json\/wp\/v2\/posts\/12984\/revisions"}],"predecessor-version":[{"id":13003,"href":"https:\/\/agora.xtec.cat\/esc-joaquimruyra-blanes\/wp-json\/wp\/v2\/posts\/12984\/revisions\/13003"}],"wp:featuredmedia":[{"embeddable":true,"href":"https:\/\/agora.xtec.cat\/esc-joaquimruyra-blanes\/wp-json\/wp\/v2\/media\/13002"}],"wp:attachment":[{"href":"https:\/\/agora.xtec.cat\/esc-joaquimruyra-blanes\/wp-json\/wp\/v2\/media?parent=12984"}],"wp:term":[{"taxonomy":"category","embeddable":true,"href":"https:\/\/agora.xtec.cat\/esc-joaquimruyra-blanes\/wp-json\/wp\/v2\/categories?post=12984"},{"taxonomy":"post_tag","embeddable":true,"href":"https:\/\/agora.xtec.cat\/esc-joaquimruyra-blanes\/wp-json\/wp\/v2\/tags?post=12984"}],"curies":[{"name":"wp","href":"https:\/\/api.w.org\/{rel}","templated":true}]}}