{"id":12954,"date":"2021-05-16T18:04:27","date_gmt":"2021-05-16T16:04:27","guid":{"rendered":"http:\/\/agora.xtec.cat\/esc-joaquimruyra-blanes\/?p=12954"},"modified":"2021-05-16T18:07:26","modified_gmt":"2021-05-16T16:07:26","slug":"revisio-bucodental-a-1r","status":"publish","type":"post","link":"https:\/\/agora.xtec.cat\/esc-joaquimruyra-blanes\/general\/revisio-bucodental-a-1r\/","title":{"rendered":"Revisi\u00f3 bucodental a 1r"},"content":{"rendered":"<p>Divendres passat, 14 de maig, l&#8217;alumnat de 1r va rebre la visita de l&#8217;Atenea i l&#8217;Andrea, dues odont\u00f2logues del CAP, que els van atendre amb molta amabilitat.<\/p>\n<p><a href=\"https:\/\/agora.xtec.cat\/esc-joaquimruyra-blanes\/wp-content\/uploads\/usu757\/2021\/05\/dents2-min.jpg\"><img loading=\"lazy\" decoding=\"async\" class=\"aligncenter size-full wp-image-12958\" src=\"https:\/\/agora.xtec.cat\/esc-joaquimruyra-blanes\/wp-content\/uploads\/usu757\/2021\/05\/dents2-min.jpg\" alt=\"\" width=\"4128\" height=\"3096\" srcset=\"https:\/\/agora.xtec.cat\/esc-joaquimruyra-blanes\/wp-content\/uploads\/usu757\/2021\/05\/dents2-min.jpg 4128w, https:\/\/agora.xtec.cat\/esc-joaquimruyra-blanes\/wp-content\/uploads\/usu757\/2021\/05\/dents2-min-300x225.jpg 300w, https:\/\/agora.xtec.cat\/esc-joaquimruyra-blanes\/wp-content\/uploads\/usu757\/2021\/05\/dents2-min-768x576.jpg 768w, https:\/\/agora.xtec.cat\/esc-joaquimruyra-blanes\/wp-content\/uploads\/usu757\/2021\/05\/dents2-min-1024x768.jpg 1024w, https:\/\/agora.xtec.cat\/esc-joaquimruyra-blanes\/wp-content\/uploads\/usu757\/2021\/05\/dents2-min-200x150.jpg 200w\" sizes=\"auto, (max-width: 4128px) 100vw, 4128px\" \/><\/a><\/p>\n<p>Despr\u00e9s de la revisi\u00f3, l&#8217;alumnat va cantar-los la can\u00e7\u00f3 &#8220;Rentem les dents&#8221;, de D\u00e0maris Gelabert.<\/p>\n<p><a href=\"https:\/\/agora.xtec.cat\/esc-joaquimruyra-blanes\/wp-content\/uploads\/usu757\/2021\/05\/dents1-min.jpg\"><img loading=\"lazy\" decoding=\"async\" class=\"aligncenter size-full wp-image-12957\" src=\"https:\/\/agora.xtec.cat\/esc-joaquimruyra-blanes\/wp-content\/uploads\/usu757\/2021\/05\/dents1-min.jpg\" alt=\"\" width=\"4128\" height=\"3096\" srcset=\"https:\/\/agora.xtec.cat\/esc-joaquimruyra-blanes\/wp-content\/uploads\/usu757\/2021\/05\/dents1-min.jpg 4128w, https:\/\/agora.xtec.cat\/esc-joaquimruyra-blanes\/wp-content\/uploads\/usu757\/2021\/05\/dents1-min-300x225.jpg 300w, https:\/\/agora.xtec.cat\/esc-joaquimruyra-blanes\/wp-content\/uploads\/usu757\/2021\/05\/dents1-min-768x576.jpg 768w, https:\/\/agora.xtec.cat\/esc-joaquimruyra-blanes\/wp-content\/uploads\/usu757\/2021\/05\/dents1-min-1024x768.jpg 1024w, https:\/\/agora.xtec.cat\/esc-joaquimruyra-blanes\/wp-content\/uploads\/usu757\/2021\/05\/dents1-min-200x150.jpg 200w\" sizes=\"auto, (max-width: 4128px) 100vw, 4128px\" \/><\/a><\/p>\n<p>Abans d&#8217;acomiadar-se, les odont\u00f2logues els van regalar un estoig d&#8217;higiene dental a cadascun.<\/p>\n<p>Moltes gr\u00e0cies, Andrea i Atenea!!!<\/p>\n","protected":false},"excerpt":{"rendered":"<p>Divendres passat, 14 de maig, l&#8217;alumnat de 1r va rebre la visita de l&#8217;Atenea i l&#8217;Andrea, dues odont\u00f2logues del CAP, que els van atendre amb molta amabilitat.<br \/>\n<a href=\"https:\/\/agora.xtec.cat\/esc-joaquimruyra-blanes\/wp-content\/uploads\/usu757\/2021\/05\/dents2-min.jpg\"><\/a><br \/>\nDespr\u00e9s de la revisi\u00f3, l&#8217;alumnat va cantar-los la can\u00e7\u00f3 &#8220;Rentem les dents&#8221;, de D\u00e0maris Gelabert.<br \/>\n<a href=\"https:\/\/agora.xtec.cat\/esc-joaquimruyra-blanes\/wp-content\/uploads\/usu757\/2021\/05\/dents1-min.jpg\"><\/a><br \/>\nAbans d&#8217;acomiadar-se, les&hellip;  <a href=\"https:\/\/agora.xtec.cat\/esc-joaquimruyra-blanes\/general\/revisio-bucodental-a-1r\/\" title=\"Read Revisi\u00f3 bucodental a 1r\">Llegeix m\u00e9s\u00bb<\/a><\/p>\n","protected":false},"author":16,"featured_media":0,"comment_status":"open","ping_status":"closed","sticky":false,"template":"","format":"standard","meta":{"_bbp_topic_count":0,"_bbp_reply_count":0,"_bbp_total_topic_count":0,"_bbp_total_reply_count":0,"_bbp_voice_count":0,"_bbp_anonymous_reply_count":0,"_bbp_topic_count_hidden":0,"_bbp_reply_count_hidden":0,"_bbp_forum_subforum_count":0,"footnotes":""},"categories":[24,164,1,4,39],"tags":[115,180,181,182,179],"class_list":["post-12954","post","type-post","status-publish","format-standard","hentry","category-1r","category-curs-2020-2021","category-general","category-portada","category-primaria","tag-1r","tag-dents-netes","tag-dents-sanes","tag-rentem-les-dents","tag-revisio-bucodental"],"post_mailing_queue_ids":[],"_links":{"self":[{"href":"https:\/\/agora.xtec.cat\/esc-joaquimruyra-blanes\/wp-json\/wp\/v2\/posts\/12954","targetHints":{"allow":["GET"]}}],"collection":[{"href":"https:\/\/agora.xtec.cat\/esc-joaquimruyra-blanes\/wp-json\/wp\/v2\/posts"}],"about":[{"href":"https:\/\/agora.xtec.cat\/esc-joaquimruyra-blanes\/wp-json\/wp\/v2\/types\/post"}],"author":[{"embeddable":true,"href":"https:\/\/agora.xtec.cat\/esc-joaquimruyra-blanes\/wp-json\/wp\/v2\/users\/16"}],"replies":[{"embeddable":true,"href":"https:\/\/agora.xtec.cat\/esc-joaquimruyra-blanes\/wp-json\/wp\/v2\/comments?post=12954"}],"version-history":[{"count":3,"href":"https:\/\/agora.xtec.cat\/esc-joaquimruyra-blanes\/wp-json\/wp\/v2\/posts\/12954\/revisions"}],"predecessor-version":[{"id":12961,"href":"https:\/\/agora.xtec.cat\/esc-joaquimruyra-blanes\/wp-json\/wp\/v2\/posts\/12954\/revisions\/12961"}],"wp:attachment":[{"href":"https:\/\/agora.xtec.cat\/esc-joaquimruyra-blanes\/wp-json\/wp\/v2\/media?parent=12954"}],"wp:term":[{"taxonomy":"category","embeddable":true,"href":"https:\/\/agora.xtec.cat\/esc-joaquimruyra-blanes\/wp-json\/wp\/v2\/categories?post=12954"},{"taxonomy":"post_tag","embeddable":true,"href":"https:\/\/agora.xtec.cat\/esc-joaquimruyra-blanes\/wp-json\/wp\/v2\/tags?post=12954"}],"curies":[{"name":"wp","href":"https:\/\/api.w.org\/{rel}","templated":true}]}}