{"id":12951,"date":"2021-05-16T12:06:39","date_gmt":"2021-05-16T10:06:39","guid":{"rendered":"http:\/\/agora.xtec.cat\/esc-joaquimruyra-blanes\/?p=12951"},"modified":"2021-05-31T11:34:45","modified_gmt":"2021-05-31T09:34:45","slug":"sortida-al-delta-de-la-tordera-4t","status":"publish","type":"post","link":"https:\/\/agora.xtec.cat\/esc-joaquimruyra-blanes\/general\/sortida-al-delta-de-la-tordera-4t\/","title":{"rendered":"SORTIDA AL DELTA DE LA TORDERA (4t)"},"content":{"rendered":"<p>El dimecres 12 de maig els nens i nenes de 4t vam fer una sortida al delta de la Tordera, aprofitant que hem iniciat el projecte dels animals, qu\u00e8 millor que sortir a un entorn molt proper per observar el que tenim.<\/p>\n<p>Va ser una sortida molt profitosa:<\/p>\n<ul>\n<li>Vam recollir brossa que vam trobar al llarg del cam\u00ed de la Tordera, conscienciant-nos de la import\u00e0ncia de respectar el nostre entorn i el mal que fa el pl\u00e0stic a la natura.<\/li>\n<li>Vam observar i identificar els ocells que visiten el delta.<\/li>\n<li>Amb el Kit de natura vam poder observar, tamb\u00e9, els insectes que viuen a prop del riu.<\/li>\n<li>Vam creuar el riu per dinar-hi i despr\u00e9s divertir-nos amb el qu\u00e8 en oferia l&#8217;entorn.<\/li>\n<\/ul>\n<p>Va ser una GRAN SORTIDA!!<\/p>\n<p><iframe loading=\"lazy\" title=\"SORTIDA AL DELTA DE LA TORDERA\" width=\"500\" height=\"281\" src=\"https:\/\/www.youtube.com\/embed\/ytzRsQM9ACI?feature=oembed\" frameborder=\"0\" allow=\"accelerometer; autoplay; clipboard-write; encrypted-media; gyroscope; picture-in-picture; web-share\" referrerpolicy=\"strict-origin-when-cross-origin\" allowfullscreen><\/iframe><\/p>\n","protected":false},"excerpt":{"rendered":"<p>El dimecres 12 de maig els nens i nenes de 4t vam fer una sortida al delta de la Tordera, aprofitant que hem iniciat el projecte dels animals, qu\u00e8 millor que sortir a un entorn molt proper per observar el que tenim.<br \/>\nVa ser una sortida&hellip;  <a href=\"https:\/\/agora.xtec.cat\/esc-joaquimruyra-blanes\/general\/sortida-al-delta-de-la-tordera-4t\/\" title=\"Read SORTIDA AL DELTA DE LA TORDERA (4t)\">Llegeix m\u00e9s\u00bb<\/a><\/p>\n","protected":false},"author":1,"featured_media":12953,"comment_status":"closed","ping_status":"closed","sticky":false,"template":"","format":"standard","meta":{"_bbp_topic_count":0,"_bbp_reply_count":0,"_bbp_total_topic_count":0,"_bbp_total_reply_count":0,"_bbp_voice_count":0,"_bbp_anonymous_reply_count":0,"_bbp_topic_count_hidden":0,"_bbp_reply_count_hidden":0,"_bbp_forum_subforum_count":0,"footnotes":""},"categories":[13,164,1,4,39],"tags":[],"class_list":["post-12951","post","type-post","status-publish","format-standard","has-post-thumbnail","hentry","category-4t","category-curs-2020-2021","category-general","category-portada","category-primaria"],"post_mailing_queue_ids":[],"_links":{"self":[{"href":"https:\/\/agora.xtec.cat\/esc-joaquimruyra-blanes\/wp-json\/wp\/v2\/posts\/12951","targetHints":{"allow":["GET"]}}],"collection":[{"href":"https:\/\/agora.xtec.cat\/esc-joaquimruyra-blanes\/wp-json\/wp\/v2\/posts"}],"about":[{"href":"https:\/\/agora.xtec.cat\/esc-joaquimruyra-blanes\/wp-json\/wp\/v2\/types\/post"}],"author":[{"embeddable":true,"href":"https:\/\/agora.xtec.cat\/esc-joaquimruyra-blanes\/wp-json\/wp\/v2\/users\/1"}],"replies":[{"embeddable":true,"href":"https:\/\/agora.xtec.cat\/esc-joaquimruyra-blanes\/wp-json\/wp\/v2\/comments?post=12951"}],"version-history":[{"count":3,"href":"https:\/\/agora.xtec.cat\/esc-joaquimruyra-blanes\/wp-json\/wp\/v2\/posts\/12951\/revisions"}],"predecessor-version":[{"id":13064,"href":"https:\/\/agora.xtec.cat\/esc-joaquimruyra-blanes\/wp-json\/wp\/v2\/posts\/12951\/revisions\/13064"}],"wp:featuredmedia":[{"embeddable":true,"href":"https:\/\/agora.xtec.cat\/esc-joaquimruyra-blanes\/wp-json\/wp\/v2\/media\/12953"}],"wp:attachment":[{"href":"https:\/\/agora.xtec.cat\/esc-joaquimruyra-blanes\/wp-json\/wp\/v2\/media?parent=12951"}],"wp:term":[{"taxonomy":"category","embeddable":true,"href":"https:\/\/agora.xtec.cat\/esc-joaquimruyra-blanes\/wp-json\/wp\/v2\/categories?post=12951"},{"taxonomy":"post_tag","embeddable":true,"href":"https:\/\/agora.xtec.cat\/esc-joaquimruyra-blanes\/wp-json\/wp\/v2\/tags?post=12951"}],"curies":[{"name":"wp","href":"https:\/\/api.w.org\/{rel}","templated":true}]}}