{"id":12949,"date":"2021-05-15T09:25:44","date_gmt":"2021-05-15T07:25:44","guid":{"rendered":"http:\/\/agora.xtec.cat\/esc-joaquimruyra-blanes\/?p=12949"},"modified":"2021-05-15T09:25:44","modified_gmt":"2021-05-15T07:25:44","slug":"excursio-ermites-i-platja-st-francesc","status":"publish","type":"post","link":"https:\/\/agora.xtec.cat\/esc-joaquimruyra-blanes\/general\/excursio-ermites-i-platja-st-francesc\/","title":{"rendered":"Excursi\u00f3 Ermites i platja St. Francesc"},"content":{"rendered":"<p>Hola Fam\u00edlies,<\/p>\n<p>El passat divendres 7 de maig, els nens i nenes de tercer, van fer una excursi\u00f3 a St. Francesc passant per l&#8217;ermita de Sta. B\u00e0rbara, l&#8217;ermita de St. Joan (que vam poder visitar per dins), el castell de St. Joan i l&#8217;ermita de St. Francesc. Posteriorment, vam dinar a la platja i els i les alumnes van fer art natura (que vam estar treballant a projecte) i tamb\u00e9 jocs d&#8217;educaci\u00f3 f\u00edsica. Els nens i nenes van gaudir molt de l&#8217;excursi\u00f3 i van aprendre moltes coses del poble de Blanes a part de les caracter\u00edstiques de les ermites, dels paisatges i de la flora com ara on est\u00e0 l&#8217;Ajuntament, l&#8217;oficina de turisme, el mercat dels pagesos, etc. Va ser un dia fant\u00e0stic!<\/p>\n<p><a href=\"https:\/\/agora.xtec.cat\/esc-joaquimruyra-blanes\/wp-content\/uploads\/usu757\/2021\/05\/1621052449581.jpg\"><img loading=\"lazy\" decoding=\"async\" class=\"alignleft size-large wp-image-12948\" src=\"https:\/\/agora.xtec.cat\/esc-joaquimruyra-blanes\/wp-content\/uploads\/usu757\/2021\/05\/1621052449581-1024x1024.jpg\" alt=\"\" width=\"1024\" height=\"1024\" srcset=\"https:\/\/agora.xtec.cat\/esc-joaquimruyra-blanes\/wp-content\/uploads\/usu757\/2021\/05\/1621052449581-1024x1024.jpg 1024w, https:\/\/agora.xtec.cat\/esc-joaquimruyra-blanes\/wp-content\/uploads\/usu757\/2021\/05\/1621052449581-150x150.jpg 150w, https:\/\/agora.xtec.cat\/esc-joaquimruyra-blanes\/wp-content\/uploads\/usu757\/2021\/05\/1621052449581-300x300.jpg 300w, https:\/\/agora.xtec.cat\/esc-joaquimruyra-blanes\/wp-content\/uploads\/usu757\/2021\/05\/1621052449581-768x768.jpg 768w, https:\/\/agora.xtec.cat\/esc-joaquimruyra-blanes\/wp-content\/uploads\/usu757\/2021\/05\/1621052449581.jpg 1600w\" sizes=\"auto, (max-width: 1024px) 100vw, 1024px\" \/><\/a><\/p>\n","protected":false},"excerpt":{"rendered":"<p>Hola Fam\u00edlies,<br \/>\nEl passat divendres 7 de maig, els nens i nenes de tercer, van fer una excursi\u00f3 a St. Francesc passant per l&#8217;ermita de Sta. B\u00e0rbara, l&#8217;ermita de St. Joan (que vam poder visitar per dins), el castell de St. Joan i l&#8217;ermita de St.&hellip;  <a href=\"https:\/\/agora.xtec.cat\/esc-joaquimruyra-blanes\/general\/excursio-ermites-i-platja-st-francesc\/\" title=\"Read Excursi\u00f3 Ermites i platja St. Francesc\">Llegeix m\u00e9s\u00bb<\/a><\/p>\n","protected":false},"author":18,"featured_media":12948,"comment_status":"closed","ping_status":"closed","sticky":false,"template":"","format":"standard","meta":{"_bbp_topic_count":0,"_bbp_reply_count":0,"_bbp_total_topic_count":0,"_bbp_total_reply_count":0,"_bbp_voice_count":0,"_bbp_anonymous_reply_count":0,"_bbp_topic_count_hidden":0,"_bbp_reply_count_hidden":0,"_bbp_forum_subforum_count":0,"footnotes":""},"categories":[12,164,1,4,39],"tags":[],"class_list":["post-12949","post","type-post","status-publish","format-standard","has-post-thumbnail","hentry","category-3r","category-curs-2020-2021","category-general","category-portada","category-primaria"],"post_mailing_queue_ids":[],"_links":{"self":[{"href":"https:\/\/agora.xtec.cat\/esc-joaquimruyra-blanes\/wp-json\/wp\/v2\/posts\/12949","targetHints":{"allow":["GET"]}}],"collection":[{"href":"https:\/\/agora.xtec.cat\/esc-joaquimruyra-blanes\/wp-json\/wp\/v2\/posts"}],"about":[{"href":"https:\/\/agora.xtec.cat\/esc-joaquimruyra-blanes\/wp-json\/wp\/v2\/types\/post"}],"author":[{"embeddable":true,"href":"https:\/\/agora.xtec.cat\/esc-joaquimruyra-blanes\/wp-json\/wp\/v2\/users\/18"}],"replies":[{"embeddable":true,"href":"https:\/\/agora.xtec.cat\/esc-joaquimruyra-blanes\/wp-json\/wp\/v2\/comments?post=12949"}],"version-history":[{"count":1,"href":"https:\/\/agora.xtec.cat\/esc-joaquimruyra-blanes\/wp-json\/wp\/v2\/posts\/12949\/revisions"}],"predecessor-version":[{"id":12950,"href":"https:\/\/agora.xtec.cat\/esc-joaquimruyra-blanes\/wp-json\/wp\/v2\/posts\/12949\/revisions\/12950"}],"wp:featuredmedia":[{"embeddable":true,"href":"https:\/\/agora.xtec.cat\/esc-joaquimruyra-blanes\/wp-json\/wp\/v2\/media\/12948"}],"wp:attachment":[{"href":"https:\/\/agora.xtec.cat\/esc-joaquimruyra-blanes\/wp-json\/wp\/v2\/media?parent=12949"}],"wp:term":[{"taxonomy":"category","embeddable":true,"href":"https:\/\/agora.xtec.cat\/esc-joaquimruyra-blanes\/wp-json\/wp\/v2\/categories?post=12949"},{"taxonomy":"post_tag","embeddable":true,"href":"https:\/\/agora.xtec.cat\/esc-joaquimruyra-blanes\/wp-json\/wp\/v2\/tags?post=12949"}],"curies":[{"name":"wp","href":"https:\/\/api.w.org\/{rel}","templated":true}]}}