{"id":12941,"date":"2021-05-11T11:05:51","date_gmt":"2021-05-11T09:05:51","guid":{"rendered":"http:\/\/agora.xtec.cat\/esc-joaquimruyra-blanes\/?p=12941"},"modified":"2021-05-11T17:29:49","modified_gmt":"2021-05-11T15:29:49","slug":"frida-kahlo","status":"publish","type":"post","link":"https:\/\/agora.xtec.cat\/esc-joaquimruyra-blanes\/general\/frida-kahlo\/","title":{"rendered":"Frida Kahlo"},"content":{"rendered":"<p>Hola fam\u00edlies,<br \/>\nCom ja sabeu, cada curs escolar fem un projecte d\u2019un o una  artista. Per aquest motiu hem comen\u00e7at el projecte de la Frida Kahlo i estem aprenent molt d\u2019aquesta artista mexicana. <\/p>\n<p>Us compartim la fotografia del mural que hem realitzat al passad\u00eds de la planta on est\u00e0 la classe de segon. Segur que us agradar\u00e0! Tamb\u00e9 us compartim un missatge que ens vam imaginar que ens diria la Frida Kahlo si visqu\u00e9s i s\u2019assabant\u00e9s que estem estudiant la seva obra.<\/p>\n<p> <a href=\"https:\/\/agora.xtec.cat\/esc-joaquimruyra-blanes\/wp-content\/uploads\/usu757\/2021\/05\/9787E84F-7409-4F99-80FA-AC0D8777F832.jpeg\"><img loading=\"lazy\" decoding=\"async\" src=\"https:\/\/agora.xtec.cat\/esc-joaquimruyra-blanes\/wp-content\/uploads\/usu757\/2021\/05\/9787E84F-7409-4F99-80FA-AC0D8777F832-300x153.jpeg\" alt=\"\" width=\"300\" height=\"153\" class=\"alignnone size-medium wp-image-12943\" srcset=\"https:\/\/agora.xtec.cat\/esc-joaquimruyra-blanes\/wp-content\/uploads\/usu757\/2021\/05\/9787E84F-7409-4F99-80FA-AC0D8777F832-300x153.jpeg 300w, https:\/\/agora.xtec.cat\/esc-joaquimruyra-blanes\/wp-content\/uploads\/usu757\/2021\/05\/9787E84F-7409-4F99-80FA-AC0D8777F832-768x392.jpeg 768w, https:\/\/agora.xtec.cat\/esc-joaquimruyra-blanes\/wp-content\/uploads\/usu757\/2021\/05\/9787E84F-7409-4F99-80FA-AC0D8777F832-1024x522.jpeg 1024w, https:\/\/agora.xtec.cat\/esc-joaquimruyra-blanes\/wp-content\/uploads\/usu757\/2021\/05\/9787E84F-7409-4F99-80FA-AC0D8777F832.jpeg 1500w\" sizes=\"auto, (max-width: 300px) 100vw, 300px\" \/><\/a><\/p>\n<p><iframe loading=\"lazy\" title=\"Missatge de la Frida Kahlo\" width=\"500\" height=\"375\" src=\"https:\/\/www.youtube.com\/embed\/OBhn4ZV6D_4?feature=oembed\" frameborder=\"0\" allow=\"accelerometer; autoplay; clipboard-write; encrypted-media; gyroscope; picture-in-picture; web-share\" referrerpolicy=\"strict-origin-when-cross-origin\" allowfullscreen><\/iframe><\/p>\n","protected":false},"excerpt":{"rendered":"<p>Hola fam\u00edlies,<br \/>\nCom ja sabeu, cada curs escolar fem un projecte d\u2019un o una  artista. Per aquest motiu hem comen\u00e7at el projecte de la Frida Kahlo i estem aprenent molt d\u2019aquesta artista mexicana.<br \/>\nUs compartim la fotografia del mural que hem realitzat al passad\u00eds de&hellip;  <a href=\"https:\/\/agora.xtec.cat\/esc-joaquimruyra-blanes\/general\/frida-kahlo\/\" title=\"Read Frida Kahlo\">Llegeix m\u00e9s\u00bb<\/a><\/p>\n","protected":false},"author":20,"featured_media":12943,"comment_status":"open","ping_status":"closed","sticky":false,"template":"","format":"standard","meta":{"_bbp_topic_count":0,"_bbp_reply_count":0,"_bbp_total_topic_count":0,"_bbp_total_reply_count":0,"_bbp_voice_count":0,"_bbp_anonymous_reply_count":0,"_bbp_topic_count_hidden":0,"_bbp_reply_count_hidden":0,"_bbp_forum_subforum_count":0,"footnotes":""},"categories":[23,164,1,4],"tags":[],"class_list":["post-12941","post","type-post","status-publish","format-standard","has-post-thumbnail","hentry","category-2n","category-curs-2020-2021","category-general","category-portada"],"post_mailing_queue_ids":[],"_links":{"self":[{"href":"https:\/\/agora.xtec.cat\/esc-joaquimruyra-blanes\/wp-json\/wp\/v2\/posts\/12941","targetHints":{"allow":["GET"]}}],"collection":[{"href":"https:\/\/agora.xtec.cat\/esc-joaquimruyra-blanes\/wp-json\/wp\/v2\/posts"}],"about":[{"href":"https:\/\/agora.xtec.cat\/esc-joaquimruyra-blanes\/wp-json\/wp\/v2\/types\/post"}],"author":[{"embeddable":true,"href":"https:\/\/agora.xtec.cat\/esc-joaquimruyra-blanes\/wp-json\/wp\/v2\/users\/20"}],"replies":[{"embeddable":true,"href":"https:\/\/agora.xtec.cat\/esc-joaquimruyra-blanes\/wp-json\/wp\/v2\/comments?post=12941"}],"version-history":[{"count":3,"href":"https:\/\/agora.xtec.cat\/esc-joaquimruyra-blanes\/wp-json\/wp\/v2\/posts\/12941\/revisions"}],"predecessor-version":[{"id":12946,"href":"https:\/\/agora.xtec.cat\/esc-joaquimruyra-blanes\/wp-json\/wp\/v2\/posts\/12941\/revisions\/12946"}],"wp:featuredmedia":[{"embeddable":true,"href":"https:\/\/agora.xtec.cat\/esc-joaquimruyra-blanes\/wp-json\/wp\/v2\/media\/12943"}],"wp:attachment":[{"href":"https:\/\/agora.xtec.cat\/esc-joaquimruyra-blanes\/wp-json\/wp\/v2\/media?parent=12941"}],"wp:term":[{"taxonomy":"category","embeddable":true,"href":"https:\/\/agora.xtec.cat\/esc-joaquimruyra-blanes\/wp-json\/wp\/v2\/categories?post=12941"},{"taxonomy":"post_tag","embeddable":true,"href":"https:\/\/agora.xtec.cat\/esc-joaquimruyra-blanes\/wp-json\/wp\/v2\/tags?post=12941"}],"curies":[{"name":"wp","href":"https:\/\/api.w.org\/{rel}","templated":true}]}}