{"id":12762,"date":"2021-04-19T09:44:42","date_gmt":"2021-04-19T07:44:42","guid":{"rendered":"http:\/\/agora.xtec.cat\/esc-joaquimruyra-blanes\/?p=12762"},"modified":"2021-07-01T11:11:15","modified_gmt":"2021-07-01T09:11:15","slug":"llistat-puntuacio-provisional","status":"publish","type":"post","link":"https:\/\/agora.xtec.cat\/esc-joaquimruyra-blanes\/portada\/llistat-puntuacio-provisional\/","title":{"rendered":"INFORMACI\u00d3 MATR\u00cdCULA CURS 21-22"},"content":{"rendered":"<p>Benvolgudes fam\u00edlies,<\/p>\n<p>Ja podeu consultar la informaci\u00f3 referent a la matriculaci\u00f3:<\/p>\n<p><a href=\"https:\/\/drive.google.com\/file\/d\/1lRgduK1HNWDcRxiDKAXE-kvC-znaggn8\/view?usp=sharing\"><span style=\"color: #000080;\">informaci\u00f3 matriculaci\u00f3<\/span><\/a><\/p>\n","protected":false},"excerpt":{"rendered":"<p>Benvolgudes fam\u00edlies,<br \/>\nJa podeu consultar la informaci\u00f3 referent a la matriculaci\u00f3:<br \/>\n<a href=\"https:\/\/drive.google.com\/file\/d\/1lRgduK1HNWDcRxiDKAXE-kvC-znaggn8\/view?usp=sharing\">informaci\u00f3 matriculaci\u00f3<\/a><\/p>\n","protected":false},"author":10,"featured_media":12355,"comment_status":"closed","ping_status":"closed","sticky":false,"template":"","format":"standard","meta":{"_bbp_topic_count":0,"_bbp_reply_count":0,"_bbp_total_topic_count":0,"_bbp_total_reply_count":0,"_bbp_voice_count":0,"_bbp_anonymous_reply_count":0,"_bbp_topic_count_hidden":0,"_bbp_reply_count_hidden":0,"_bbp_forum_subforum_count":0,"footnotes":""},"categories":[164,4],"tags":[],"class_list":["post-12762","post","type-post","status-publish","format-standard","has-post-thumbnail","hentry","category-curs-2020-2021","category-portada"],"post_mailing_queue_ids":[],"_links":{"self":[{"href":"https:\/\/agora.xtec.cat\/esc-joaquimruyra-blanes\/wp-json\/wp\/v2\/posts\/12762","targetHints":{"allow":["GET"]}}],"collection":[{"href":"https:\/\/agora.xtec.cat\/esc-joaquimruyra-blanes\/wp-json\/wp\/v2\/posts"}],"about":[{"href":"https:\/\/agora.xtec.cat\/esc-joaquimruyra-blanes\/wp-json\/wp\/v2\/types\/post"}],"author":[{"embeddable":true,"href":"https:\/\/agora.xtec.cat\/esc-joaquimruyra-blanes\/wp-json\/wp\/v2\/users\/10"}],"replies":[{"embeddable":true,"href":"https:\/\/agora.xtec.cat\/esc-joaquimruyra-blanes\/wp-json\/wp\/v2\/comments?post=12762"}],"version-history":[{"count":3,"href":"https:\/\/agora.xtec.cat\/esc-joaquimruyra-blanes\/wp-json\/wp\/v2\/posts\/12762\/revisions"}],"predecessor-version":[{"id":13183,"href":"https:\/\/agora.xtec.cat\/esc-joaquimruyra-blanes\/wp-json\/wp\/v2\/posts\/12762\/revisions\/13183"}],"wp:featuredmedia":[{"embeddable":true,"href":"https:\/\/agora.xtec.cat\/esc-joaquimruyra-blanes\/wp-json\/wp\/v2\/media\/12355"}],"wp:attachment":[{"href":"https:\/\/agora.xtec.cat\/esc-joaquimruyra-blanes\/wp-json\/wp\/v2\/media?parent=12762"}],"wp:term":[{"taxonomy":"category","embeddable":true,"href":"https:\/\/agora.xtec.cat\/esc-joaquimruyra-blanes\/wp-json\/wp\/v2\/categories?post=12762"},{"taxonomy":"post_tag","embeddable":true,"href":"https:\/\/agora.xtec.cat\/esc-joaquimruyra-blanes\/wp-json\/wp\/v2\/tags?post=12762"}],"curies":[{"name":"wp","href":"https:\/\/api.w.org\/{rel}","templated":true}]}}