{"id":12740,"date":"2021-04-12T10:37:46","date_gmt":"2021-04-12T08:37:46","guid":{"rendered":"http:\/\/agora.xtec.cat\/esc-joaquimruyra-blanes\/?p=12740"},"modified":"2021-04-12T10:37:46","modified_gmt":"2021-04-12T08:37:46","slug":"equip-de-mestres-compartim-experiencies","status":"publish","type":"post","link":"https:\/\/agora.xtec.cat\/esc-joaquimruyra-blanes\/general\/equip-de-mestres-compartim-experiencies\/","title":{"rendered":"Equip de mestres, compartim experi\u00e8ncies"},"content":{"rendered":"<p>L&#8217;escola aposta per <strong>incrementar la professionalitzaci\u00f3<\/strong> de l&#8217;equip de mestres de la Vila, i una de les vies \u00e9s la de <strong>compartir les diferents experi\u00e8ncies educatives<\/strong> que l&#8217;alumnat porta a terme a trav\u00e9s de projectes, unitats did\u00e0ctiques i propostes d&#8217;ensenyament-aprenentatge pr\u00e8viament dissenyades per l&#8217;equip docent del centre.<\/p>\n<p>Tot el claustre ha pogut participar de la presentaci\u00f3 de les seg\u00fcents propostes educatives:<\/p>\n<ul>\n<li><em><strong>Kandinsky, <\/strong><\/em>a educaci\u00f3 infantil,<\/li>\n<li><em><strong>La nostra vila, <\/strong><\/em>a\u00a01r de cicle inicial,<\/li>\n<li><em><strong>Blanes, t&#8217;estimo!, <\/strong><\/em>a\u00a02n de cicle inicial,<\/li>\n<li><strong><em>L<\/em><\/strong><em><strong>&#8216;hort de La Vila, <\/strong><\/em>a cicle mitj\u00e0,<\/li>\n<li><em><strong>GeoART, <\/strong><\/em>a cicle superior,<\/li>\n<\/ul>\n<p>Aquestes propostes s\u2019han explicat amb el detall d&#8217;activitats, tipus d&#8217;avaluaci\u00f3, organitzaci\u00f3 de l&#8217;alumnat, entre d&#8217;altres aspectes pedag\u00f2gics.<\/p>\n<p><strong>A la Vila tenim grans talents i els compartim!\u00a0<\/strong><\/p>\n<p>Seguim!<\/p>\n\n","protected":false},"excerpt":{"rendered":"<p>L&#8217;escola aposta per incrementar la professionalitzaci\u00f3 de l&#8217;equip de mestres de la Vila, i una de les vies \u00e9s la de compartir les diferents experi\u00e8ncies educatives que l&#8217;alumnat porta a terme a trav\u00e9s de projectes, unitats did\u00e0ctiques i propostes d&#8217;ensenyament-aprenentatge pr\u00e8viament dissenyades per l&#8217;equip docent&hellip;  <a href=\"https:\/\/agora.xtec.cat\/esc-joaquimruyra-blanes\/general\/equip-de-mestres-compartim-experiencies\/\" title=\"Read Equip de mestres, compartim experi\u00e8ncies\">Llegeix m\u00e9s\u00bb<\/a><\/p>\n","protected":false},"author":46,"featured_media":12742,"comment_status":"open","ping_status":"closed","sticky":false,"template":"","format":"standard","meta":{"_bbp_topic_count":0,"_bbp_reply_count":0,"_bbp_total_topic_count":0,"_bbp_total_reply_count":0,"_bbp_voice_count":0,"_bbp_anonymous_reply_count":0,"_bbp_topic_count_hidden":0,"_bbp_reply_count_hidden":0,"_bbp_forum_subforum_count":0,"footnotes":""},"categories":[164,1,32,4,39],"tags":[],"class_list":["post-12740","post","type-post","status-publish","format-standard","has-post-thumbnail","hentry","category-curs-2020-2021","category-general","category-infantil","category-portada","category-primaria"],"post_mailing_queue_ids":[],"_links":{"self":[{"href":"https:\/\/agora.xtec.cat\/esc-joaquimruyra-blanes\/wp-json\/wp\/v2\/posts\/12740","targetHints":{"allow":["GET"]}}],"collection":[{"href":"https:\/\/agora.xtec.cat\/esc-joaquimruyra-blanes\/wp-json\/wp\/v2\/posts"}],"about":[{"href":"https:\/\/agora.xtec.cat\/esc-joaquimruyra-blanes\/wp-json\/wp\/v2\/types\/post"}],"author":[{"embeddable":true,"href":"https:\/\/agora.xtec.cat\/esc-joaquimruyra-blanes\/wp-json\/wp\/v2\/users\/46"}],"replies":[{"embeddable":true,"href":"https:\/\/agora.xtec.cat\/esc-joaquimruyra-blanes\/wp-json\/wp\/v2\/comments?post=12740"}],"version-history":[{"count":3,"href":"https:\/\/agora.xtec.cat\/esc-joaquimruyra-blanes\/wp-json\/wp\/v2\/posts\/12740\/revisions"}],"predecessor-version":[{"id":12761,"href":"https:\/\/agora.xtec.cat\/esc-joaquimruyra-blanes\/wp-json\/wp\/v2\/posts\/12740\/revisions\/12761"}],"wp:featuredmedia":[{"embeddable":true,"href":"https:\/\/agora.xtec.cat\/esc-joaquimruyra-blanes\/wp-json\/wp\/v2\/media\/12742"}],"wp:attachment":[{"href":"https:\/\/agora.xtec.cat\/esc-joaquimruyra-blanes\/wp-json\/wp\/v2\/media?parent=12740"}],"wp:term":[{"taxonomy":"category","embeddable":true,"href":"https:\/\/agora.xtec.cat\/esc-joaquimruyra-blanes\/wp-json\/wp\/v2\/categories?post=12740"},{"taxonomy":"post_tag","embeddable":true,"href":"https:\/\/agora.xtec.cat\/esc-joaquimruyra-blanes\/wp-json\/wp\/v2\/tags?post=12740"}],"curies":[{"name":"wp","href":"https:\/\/api.w.org\/{rel}","templated":true}]}}