{"id":12714,"date":"2021-03-28T19:01:51","date_gmt":"2021-03-28T17:01:51","guid":{"rendered":"http:\/\/agora.xtec.cat\/esc-joaquimruyra-blanes\/?p=12714"},"modified":"2021-03-30T19:01:56","modified_gmt":"2021-03-30T17:01:56","slug":"teatre-en-angles-a-2n","status":"publish","type":"post","link":"https:\/\/agora.xtec.cat\/esc-joaquimruyra-blanes\/general\/teatre-en-angles-a-2n\/","title":{"rendered":"Teatre en angl\u00e8s a 2n."},"content":{"rendered":"<p>El passat divendres 26 de mar\u00e7, amb motiu de la celebraci\u00f3 del &#8216;English Day&#8217; a la nostra escola, l&#8217;alumnat de 2n. va representar una petita obra de teatre relacionada amb Easter (la festa de la Pasqua Anglesa).<\/p>\n<p>Durant tres intenses i emocionants setmanes, l&#8217;alumnat amb l&#8217;ajut de l&#8217;Equip de Mestres de 2n,, va preparar amb molta il\u00b7lusi\u00f3 l&#8217;obra de teatre.<\/p>\n<p>Primerament, vam triar els personatges i vam comen\u00e7ar a estudiar el gui\u00f3. Seguidament, van assajar diverses vegades. Est\u00e0vem molt animats i animades, cada vegada, l&#8217;obra agafava millor forma.<\/p>\n<p>En segon lloc, vam realitzar unes precioses diademes que ens serviria per identificar-nos amb els nostres personatges.<\/p>\n<p>En tercer lloc, vam fer l&#8217;assaig final. Finalment, vam representar l&#8217;obra pel alumnes d&#8217;Infantil.<\/p>\n<p>Tots i totes vam quedar ben contents i contentes de tenir aquesta estona per retrobar-nos amb els m\u00e9s petits de l&#8217;escola.<\/p>\n<p>Gr\u00e0cies per la vostra atenci\u00f3 i estimaci\u00f3 al llarg de la representaci\u00f3. Fins a la propera!<\/p>\n<p><iframe loading=\"lazy\" title=\"Theater second grade\" width=\"500\" height=\"281\" src=\"https:\/\/www.youtube.com\/embed\/6878-EuEX9w?feature=oembed\" frameborder=\"0\" allow=\"accelerometer; autoplay; clipboard-write; encrypted-media; gyroscope; picture-in-picture; web-share\" referrerpolicy=\"strict-origin-when-cross-origin\" allowfullscreen><\/iframe><\/p>\n","protected":false},"excerpt":{"rendered":"<p>El passat divendres 26 de mar\u00e7, amb motiu de la celebraci\u00f3 del &#8216;English Day&#8217; a la nostra escola, l&#8217;alumnat de 2n. va representar una petita obra de teatre relacionada amb Easter (la festa de la Pasqua Anglesa).<br \/>\nDurant tres intenses i emocionants setmanes, l&#8217;alumnat amb l&#8217;ajut&hellip;  <a href=\"https:\/\/agora.xtec.cat\/esc-joaquimruyra-blanes\/general\/teatre-en-angles-a-2n\/\" title=\"Read Teatre en angl\u00e8s a 2n.\">Llegeix m\u00e9s\u00bb<\/a><\/p>\n","protected":false},"author":1,"featured_media":12727,"comment_status":"open","ping_status":"closed","sticky":false,"template":"","format":"standard","meta":{"_bbp_topic_count":0,"_bbp_reply_count":0,"_bbp_total_topic_count":0,"_bbp_total_reply_count":0,"_bbp_voice_count":0,"_bbp_anonymous_reply_count":0,"_bbp_topic_count_hidden":0,"_bbp_reply_count_hidden":0,"_bbp_forum_subforum_count":0,"footnotes":""},"categories":[23,164,1,4],"tags":[103,114,110],"class_list":["post-12714","post","type-post","status-publish","format-standard","has-post-thumbnail","hentry","category-2n","category-curs-2020-2021","category-general","category-portada","tag-2n","tag-cicle-inicial","tag-primaria"],"post_mailing_queue_ids":[],"_links":{"self":[{"href":"https:\/\/agora.xtec.cat\/esc-joaquimruyra-blanes\/wp-json\/wp\/v2\/posts\/12714","targetHints":{"allow":["GET"]}}],"collection":[{"href":"https:\/\/agora.xtec.cat\/esc-joaquimruyra-blanes\/wp-json\/wp\/v2\/posts"}],"about":[{"href":"https:\/\/agora.xtec.cat\/esc-joaquimruyra-blanes\/wp-json\/wp\/v2\/types\/post"}],"author":[{"embeddable":true,"href":"https:\/\/agora.xtec.cat\/esc-joaquimruyra-blanes\/wp-json\/wp\/v2\/users\/1"}],"replies":[{"embeddable":true,"href":"https:\/\/agora.xtec.cat\/esc-joaquimruyra-blanes\/wp-json\/wp\/v2\/comments?post=12714"}],"version-history":[{"count":2,"href":"https:\/\/agora.xtec.cat\/esc-joaquimruyra-blanes\/wp-json\/wp\/v2\/posts\/12714\/revisions"}],"predecessor-version":[{"id":12717,"href":"https:\/\/agora.xtec.cat\/esc-joaquimruyra-blanes\/wp-json\/wp\/v2\/posts\/12714\/revisions\/12717"}],"wp:featuredmedia":[{"embeddable":true,"href":"https:\/\/agora.xtec.cat\/esc-joaquimruyra-blanes\/wp-json\/wp\/v2\/media\/12727"}],"wp:attachment":[{"href":"https:\/\/agora.xtec.cat\/esc-joaquimruyra-blanes\/wp-json\/wp\/v2\/media?parent=12714"}],"wp:term":[{"taxonomy":"category","embeddable":true,"href":"https:\/\/agora.xtec.cat\/esc-joaquimruyra-blanes\/wp-json\/wp\/v2\/categories?post=12714"},{"taxonomy":"post_tag","embeddable":true,"href":"https:\/\/agora.xtec.cat\/esc-joaquimruyra-blanes\/wp-json\/wp\/v2\/tags?post=12714"}],"curies":[{"name":"wp","href":"https:\/\/api.w.org\/{rel}","templated":true}]}}