{"id":12568,"date":"2021-03-23T13:05:56","date_gmt":"2021-03-23T12:05:56","guid":{"rendered":"http:\/\/agora.xtec.cat\/esc-joaquimruyra-blanes\/?p=12568"},"modified":"2021-03-23T13:05:56","modified_gmt":"2021-03-23T12:05:56","slug":"educacio-fisica-3","status":"publish","type":"post","link":"https:\/\/agora.xtec.cat\/esc-joaquimruyra-blanes\/general\/educacio-fisica-3\/","title":{"rendered":"EDUCACI\u00d3 F\u00cdSICA"},"content":{"rendered":"<p>El segon trimestre s\u2019acaba\u2026<\/p>\n<p>A <strong>cicle inicial<\/strong> \u00a0hem treballat la percepci\u00f3 de l\u2019espai\/temps (nocions com ara abans, durant, despr\u00e9s, diferents danses, adaptar-se al ritme d\u2019un company, etc) i la descoberta de l\u2019espai (a sobre\/a sota, davant\/darrera, esquerra\/dreta, situar-nos en zones estrat\u00e8giques segons el joc&#8230;). Estem acabant el trimestre amb activitats de coordinaci\u00f3 ull-m\u00e0, rep\u00e0s de l\u2019esquema corporal i jocs m\u00e9s l\u00fadics.<\/p>\n<p>A <strong>cicle mitj\u00e0<\/strong> ens hem centrat en les habilitats motrius b\u00e0siques ( Despla\u00e7aments, llan\u00e7aments i recepcions, salts i girs). Tot aix\u00f2 ho hem treballat a partir de jocs i petits circuits rotatius.<\/p>\n<p>&nbsp;<\/p>\n<p>A <strong>cicle superior<\/strong>\u00a0 hem practicat diferents jocs preesportius, i hem introdu\u00eft el Voleibol i el Tschoukball.<\/p>\n<p>&nbsp;<\/p>\n<p>I a tot prim\u00e0ria s\u2019ha seguit el programa de la Fundaci\u00f3 Bar\u00e7a contra el Bullying.<\/p>\n\n<p>&nbsp;<\/p>\n<p>&nbsp;<\/p>\n<p>&nbsp;<\/p>\n","protected":false},"excerpt":{"rendered":"<p>El segon trimestre s\u2019acaba\u2026<br \/>\nA cicle inicial \u00a0hem treballat la percepci\u00f3 de l\u2019espai\/temps (nocions com ara abans, durant, despr\u00e9s, diferents danses, adaptar-se al ritme d\u2019un company, etc) i la descoberta de l\u2019espai (a sobre\/a sota, davant\/darrera, esquerra\/dreta, situar-nos en zones estrat\u00e8giques segons el joc&#8230;). Estem acabant&hellip;  <a href=\"https:\/\/agora.xtec.cat\/esc-joaquimruyra-blanes\/general\/educacio-fisica-3\/\" title=\"Read EDUCACI\u00d3 F\u00cdSICA\">Llegeix m\u00e9s\u00bb<\/a><\/p>\n","protected":false},"author":11,"featured_media":12575,"comment_status":"closed","ping_status":"closed","sticky":false,"template":"","format":"standard","meta":{"_bbp_topic_count":0,"_bbp_reply_count":0,"_bbp_total_topic_count":0,"_bbp_total_reply_count":0,"_bbp_voice_count":0,"_bbp_anonymous_reply_count":0,"_bbp_topic_count_hidden":0,"_bbp_reply_count_hidden":0,"_bbp_forum_subforum_count":0,"footnotes":""},"categories":[24,23,12,13,14,15,1],"tags":[],"class_list":["post-12568","post","type-post","status-publish","format-standard","has-post-thumbnail","hentry","category-1r","category-2n","category-3r","category-4t","category-5e","category-6e","category-general"],"post_mailing_queue_ids":[],"_links":{"self":[{"href":"https:\/\/agora.xtec.cat\/esc-joaquimruyra-blanes\/wp-json\/wp\/v2\/posts\/12568","targetHints":{"allow":["GET"]}}],"collection":[{"href":"https:\/\/agora.xtec.cat\/esc-joaquimruyra-blanes\/wp-json\/wp\/v2\/posts"}],"about":[{"href":"https:\/\/agora.xtec.cat\/esc-joaquimruyra-blanes\/wp-json\/wp\/v2\/types\/post"}],"author":[{"embeddable":true,"href":"https:\/\/agora.xtec.cat\/esc-joaquimruyra-blanes\/wp-json\/wp\/v2\/users\/11"}],"replies":[{"embeddable":true,"href":"https:\/\/agora.xtec.cat\/esc-joaquimruyra-blanes\/wp-json\/wp\/v2\/comments?post=12568"}],"version-history":[{"count":4,"href":"https:\/\/agora.xtec.cat\/esc-joaquimruyra-blanes\/wp-json\/wp\/v2\/posts\/12568\/revisions"}],"predecessor-version":[{"id":12595,"href":"https:\/\/agora.xtec.cat\/esc-joaquimruyra-blanes\/wp-json\/wp\/v2\/posts\/12568\/revisions\/12595"}],"wp:featuredmedia":[{"embeddable":true,"href":"https:\/\/agora.xtec.cat\/esc-joaquimruyra-blanes\/wp-json\/wp\/v2\/media\/12575"}],"wp:attachment":[{"href":"https:\/\/agora.xtec.cat\/esc-joaquimruyra-blanes\/wp-json\/wp\/v2\/media?parent=12568"}],"wp:term":[{"taxonomy":"category","embeddable":true,"href":"https:\/\/agora.xtec.cat\/esc-joaquimruyra-blanes\/wp-json\/wp\/v2\/categories?post=12568"},{"taxonomy":"post_tag","embeddable":true,"href":"https:\/\/agora.xtec.cat\/esc-joaquimruyra-blanes\/wp-json\/wp\/v2\/tags?post=12568"}],"curies":[{"name":"wp","href":"https:\/\/api.w.org\/{rel}","templated":true}]}}