{"id":12534,"date":"2021-03-22T20:37:55","date_gmt":"2021-03-22T19:37:55","guid":{"rendered":"http:\/\/agora.xtec.cat\/esc-joaquimruyra-blanes\/?p=12534"},"modified":"2021-03-23T22:02:39","modified_gmt":"2021-03-23T21:02:39","slug":"el-museu-kandinsky-de-la-vila-pels-mes-petits-de-lescola","status":"publish","type":"post","link":"https:\/\/agora.xtec.cat\/esc-joaquimruyra-blanes\/general\/el-museu-kandinsky-de-la-vila-pels-mes-petits-de-lescola\/","title":{"rendered":"EL MUSEU KANDINSKY DE &#8220;LA VILA&#8221; pels m\u00e9s petits de l&#8217;escola."},"content":{"rendered":"<p>Benvolgudes fam\u00edlies,<\/p>\n<p>Al llarg del segon trimestre l&#8217;alumnat d&#8217;Educaci\u00f3 Infantil hem estat realitzant el <strong>projecte de l&#8217;artista Kandinsky<\/strong>. Un treball globalitzat de llengua, d&#8217;expressi\u00f3 art\u00edstica i matem\u00e0tic. Petits i grans hem despertat la nostra mirada cap a l&#8217;<strong><span style=\"color: #800080;\">ART<\/span><\/strong>.<\/p>\n<p>\u00c9s un plaer poder-vos convidar al museu que entre tots hem creat.<\/p>\n<p>Gaudiu de l&#8217;experi\u00e8ncia.<\/p>\n<div style=\"width: 100%;\">\n<div style=\"position: relative; padding-bottom: 56.25%; padding-top: 0; height: 0;\"><iframe loading=\"lazy\" src=\"https:\/\/view.genial.ly\/6047d449fe7c970dd671978a\" width=\"1200\" height=\"675\" frameborder=\"0\"><\/iframe><\/div>\n<\/div>\n","protected":false},"excerpt":{"rendered":"<p>Benvolgudes fam\u00edlies,<br \/>\nAl llarg del segon trimestre l&#8217;alumnat d&#8217;Educaci\u00f3 Infantil hem estat realitzant el projecte de l&#8217;artista Kandinsky. Un treball globalitzat de llengua, d&#8217;expressi\u00f3 art\u00edstica i matem\u00e0tic. Petits i grans hem despertat la nostra mirada cap a l&#8217;ART.<br \/>\n\u00c9s un plaer poder-vos convidar al museu que entre&hellip;  <a href=\"https:\/\/agora.xtec.cat\/esc-joaquimruyra-blanes\/general\/el-museu-kandinsky-de-la-vila-pels-mes-petits-de-lescola\/\" title=\"Read EL MUSEU KANDINSKY DE &#8220;LA VILA&#8221; pels m\u00e9s petits de l&#8217;escola.\">Llegeix m\u00e9s\u00bb<\/a><\/p>\n","protected":false},"author":1,"featured_media":12570,"comment_status":"closed","ping_status":"closed","sticky":false,"template":"","format":"standard","meta":{"_bbp_topic_count":0,"_bbp_reply_count":0,"_bbp_total_topic_count":0,"_bbp_total_reply_count":0,"_bbp_voice_count":0,"_bbp_anonymous_reply_count":0,"_bbp_topic_count_hidden":0,"_bbp_reply_count_hidden":0,"_bbp_forum_subforum_count":0,"footnotes":""},"categories":[1,32,4],"tags":[129],"class_list":["post-12534","post","type-post","status-publish","format-standard","has-post-thumbnail","hentry","category-general","category-infantil","category-portada","tag-infantil"],"post_mailing_queue_ids":[],"_links":{"self":[{"href":"https:\/\/agora.xtec.cat\/esc-joaquimruyra-blanes\/wp-json\/wp\/v2\/posts\/12534","targetHints":{"allow":["GET"]}}],"collection":[{"href":"https:\/\/agora.xtec.cat\/esc-joaquimruyra-blanes\/wp-json\/wp\/v2\/posts"}],"about":[{"href":"https:\/\/agora.xtec.cat\/esc-joaquimruyra-blanes\/wp-json\/wp\/v2\/types\/post"}],"author":[{"embeddable":true,"href":"https:\/\/agora.xtec.cat\/esc-joaquimruyra-blanes\/wp-json\/wp\/v2\/users\/1"}],"replies":[{"embeddable":true,"href":"https:\/\/agora.xtec.cat\/esc-joaquimruyra-blanes\/wp-json\/wp\/v2\/comments?post=12534"}],"version-history":[{"count":3,"href":"https:\/\/agora.xtec.cat\/esc-joaquimruyra-blanes\/wp-json\/wp\/v2\/posts\/12534\/revisions"}],"predecessor-version":[{"id":12592,"href":"https:\/\/agora.xtec.cat\/esc-joaquimruyra-blanes\/wp-json\/wp\/v2\/posts\/12534\/revisions\/12592"}],"wp:featuredmedia":[{"embeddable":true,"href":"https:\/\/agora.xtec.cat\/esc-joaquimruyra-blanes\/wp-json\/wp\/v2\/media\/12570"}],"wp:attachment":[{"href":"https:\/\/agora.xtec.cat\/esc-joaquimruyra-blanes\/wp-json\/wp\/v2\/media?parent=12534"}],"wp:term":[{"taxonomy":"category","embeddable":true,"href":"https:\/\/agora.xtec.cat\/esc-joaquimruyra-blanes\/wp-json\/wp\/v2\/categories?post=12534"},{"taxonomy":"post_tag","embeddable":true,"href":"https:\/\/agora.xtec.cat\/esc-joaquimruyra-blanes\/wp-json\/wp\/v2\/tags?post=12534"}],"curies":[{"name":"wp","href":"https:\/\/api.w.org\/{rel}","templated":true}]}}