{"id":12522,"date":"2021-03-06T12:08:42","date_gmt":"2021-03-06T11:08:42","guid":{"rendered":"http:\/\/agora.xtec.cat\/esc-joaquimruyra-blanes\/?p=12522"},"modified":"2021-03-06T12:08:42","modified_gmt":"2021-03-06T11:08:42","slug":"comencem-les-sessions-del-programa-contra-el-bullying","status":"publish","type":"post","link":"https:\/\/agora.xtec.cat\/esc-joaquimruyra-blanes\/general\/comencem-les-sessions-del-programa-contra-el-bullying\/","title":{"rendered":"Comencem les sessions del programa contra el bullying"},"content":{"rendered":"<p>Hola Fam\u00edlies!<\/p>\n<p>Els nens i nenes de tercer han treballat la primera sessi\u00f3 del programa contra el bullying. Ha sigut interessant perqu\u00e8 havien de treballar en equip i han ent\u00e8s perfectament el que significa el racisme. Tots han empatitzat amb el protagonista de la hist\u00f2ria i han apr\u00e8s la import\u00e0ncia d&#8217;estar al costat de la v\u00edctima i no de l&#8217;agressor. En qualsevol acte de discrimin<a href=\"https:\/\/agora.xtec.cat\/esc-joaquimruyra-blanes\/wp-content\/uploads\/usu757\/2021\/03\/1614951843539.jpg\"><img loading=\"lazy\" decoding=\"async\" class=\"alignleft size-large wp-image-12521\" src=\"https:\/\/agora.xtec.cat\/esc-joaquimruyra-blanes\/wp-content\/uploads\/usu757\/2021\/03\/1614951843539-1024x1024.jpg\" alt=\"\" width=\"1024\" height=\"1024\" srcset=\"https:\/\/agora.xtec.cat\/esc-joaquimruyra-blanes\/wp-content\/uploads\/usu757\/2021\/03\/1614951843539-1024x1024.jpg 1024w, https:\/\/agora.xtec.cat\/esc-joaquimruyra-blanes\/wp-content\/uploads\/usu757\/2021\/03\/1614951843539-150x150.jpg 150w, https:\/\/agora.xtec.cat\/esc-joaquimruyra-blanes\/wp-content\/uploads\/usu757\/2021\/03\/1614951843539-300x300.jpg 300w, https:\/\/agora.xtec.cat\/esc-joaquimruyra-blanes\/wp-content\/uploads\/usu757\/2021\/03\/1614951843539-768x768.jpg 768w, https:\/\/agora.xtec.cat\/esc-joaquimruyra-blanes\/wp-content\/uploads\/usu757\/2021\/03\/1614951843539.jpg 1600w\" sizes=\"auto, (max-width: 1024px) 100vw, 1024px\" \/><\/a>aci\u00f3 hem d&#8217;ajudar a la v\u00edctima. Tots som valents per fer-ho!<\/p>\n","protected":false},"excerpt":{"rendered":"<p>Hola Fam\u00edlies!<br \/>\nEls nens i nenes de tercer han treballat la primera sessi\u00f3 del programa contra el bullying. Ha sigut interessant perqu\u00e8 havien de treballar en equip i han ent\u00e8s perfectament el que significa el racisme. Tots han empatitzat amb el protagonista de la hist\u00f2ria i&hellip;  <a href=\"https:\/\/agora.xtec.cat\/esc-joaquimruyra-blanes\/general\/comencem-les-sessions-del-programa-contra-el-bullying\/\" title=\"Read Comencem les sessions del programa contra el bullying\">Llegeix m\u00e9s\u00bb<\/a><\/p>\n","protected":false},"author":18,"featured_media":12521,"comment_status":"closed","ping_status":"closed","sticky":false,"template":"","format":"standard","meta":{"_bbp_topic_count":0,"_bbp_reply_count":0,"_bbp_total_topic_count":0,"_bbp_total_reply_count":0,"_bbp_voice_count":0,"_bbp_anonymous_reply_count":0,"_bbp_topic_count_hidden":0,"_bbp_reply_count_hidden":0,"_bbp_forum_subforum_count":0,"footnotes":""},"categories":[12,164,1,4,39],"tags":[],"class_list":["post-12522","post","type-post","status-publish","format-standard","has-post-thumbnail","hentry","category-3r","category-curs-2020-2021","category-general","category-portada","category-primaria"],"post_mailing_queue_ids":[],"_links":{"self":[{"href":"https:\/\/agora.xtec.cat\/esc-joaquimruyra-blanes\/wp-json\/wp\/v2\/posts\/12522","targetHints":{"allow":["GET"]}}],"collection":[{"href":"https:\/\/agora.xtec.cat\/esc-joaquimruyra-blanes\/wp-json\/wp\/v2\/posts"}],"about":[{"href":"https:\/\/agora.xtec.cat\/esc-joaquimruyra-blanes\/wp-json\/wp\/v2\/types\/post"}],"author":[{"embeddable":true,"href":"https:\/\/agora.xtec.cat\/esc-joaquimruyra-blanes\/wp-json\/wp\/v2\/users\/18"}],"replies":[{"embeddable":true,"href":"https:\/\/agora.xtec.cat\/esc-joaquimruyra-blanes\/wp-json\/wp\/v2\/comments?post=12522"}],"version-history":[{"count":1,"href":"https:\/\/agora.xtec.cat\/esc-joaquimruyra-blanes\/wp-json\/wp\/v2\/posts\/12522\/revisions"}],"predecessor-version":[{"id":12523,"href":"https:\/\/agora.xtec.cat\/esc-joaquimruyra-blanes\/wp-json\/wp\/v2\/posts\/12522\/revisions\/12523"}],"wp:featuredmedia":[{"embeddable":true,"href":"https:\/\/agora.xtec.cat\/esc-joaquimruyra-blanes\/wp-json\/wp\/v2\/media\/12521"}],"wp:attachment":[{"href":"https:\/\/agora.xtec.cat\/esc-joaquimruyra-blanes\/wp-json\/wp\/v2\/media?parent=12522"}],"wp:term":[{"taxonomy":"category","embeddable":true,"href":"https:\/\/agora.xtec.cat\/esc-joaquimruyra-blanes\/wp-json\/wp\/v2\/categories?post=12522"},{"taxonomy":"post_tag","embeddable":true,"href":"https:\/\/agora.xtec.cat\/esc-joaquimruyra-blanes\/wp-json\/wp\/v2\/tags?post=12522"}],"curies":[{"name":"wp","href":"https:\/\/api.w.org\/{rel}","templated":true}]}}