{"id":12353,"date":"2021-02-08T08:49:14","date_gmt":"2021-02-08T07:49:14","guid":{"rendered":"http:\/\/agora.xtec.cat\/esc-joaquimruyra-blanes\/?p=12353"},"modified":"2021-04-19T09:45:20","modified_gmt":"2021-04-19T07:45:20","slug":"portes-obertes-virtual","status":"publish","type":"post","link":"https:\/\/agora.xtec.cat\/esc-joaquimruyra-blanes\/general\/portes-obertes-virtual\/","title":{"rendered":"PORTES OBERTES VIRTUAL I PREINSCRIPCI\u00d3"},"content":{"rendered":"<p><a href=\"https:\/\/drive.google.com\/file\/d\/1kcWFAgq9NGe40QyN9iZyowJrv-d_6Y9K\/view?usp=sharing\"><img loading=\"lazy\" decoding=\"async\" class=\"alignnone size-full wp-image-12355\" src=\"https:\/\/agora.xtec.cat\/esc-joaquimruyra-blanes\/wp-content\/uploads\/usu757\/2021\/02\/PORTES-OBERTES-.jpg\" alt=\"\" width=\"960\" height=\"540\" srcset=\"https:\/\/agora.xtec.cat\/esc-joaquimruyra-blanes\/wp-content\/uploads\/usu757\/2021\/02\/PORTES-OBERTES-.jpg 960w, https:\/\/agora.xtec.cat\/esc-joaquimruyra-blanes\/wp-content\/uploads\/usu757\/2021\/02\/PORTES-OBERTES--300x169.jpg 300w, https:\/\/agora.xtec.cat\/esc-joaquimruyra-blanes\/wp-content\/uploads\/usu757\/2021\/02\/PORTES-OBERTES--768x432.jpg 768w\" sizes=\"auto, (max-width: 960px) 100vw, 960px\" \/><\/a><\/p>\n<p>Cliqueu a l&#8217;enlla\u00e7 en blau per poder accedir a la <a href=\"https:\/\/drive.google.com\/file\/d\/1kcWFAgq9NGe40QyN9iZyowJrv-d_6Y9K\/view?usp=sharing\"><strong>Presentaci\u00f3<\/strong>\u00a0<\/a> i a tots els seus links, i en aquest altre <a href=\"https:\/\/preinscripcio.gencat.cat\/ca\/estudis\/infantil-3-6\/inici\/\">enlla\u00e7<\/a> per accedir al portal del Departament on trobareu tota la informaci\u00f3 sobre la <a href=\"https:\/\/preinscripcio.gencat.cat\/ca\/estudis\/infantil-3-6\/inici\/\"><span style=\"color: #800000;\">PREINSCRIPCI\u00d3 2021-2022 per a educaci\u00f3 infantil .<\/span><\/a><\/p>\n<p>En cas de voler informaci\u00f3 per prim\u00e0ria aquest \u00e9s l&#8217;enlla\u00e7 <a href=\"https:\/\/preinscripcio.gencat.cat\/ca\/estudis\/primaria\/inici\/\">PREINSCRIPCI\u00d3 2021-2022 prim\u00e0ria.<\/a><\/p>\n<p>Pel que fa a l&#8217;oferta inicial provisional, en aquest link la podeu trobar <strong><span style=\"color: #000000;\"><a style=\"color: #000000;\" href=\"https:\/\/drive.google.com\/file\/d\/1NrttzANsT7N_asv07NmMxYZ3Od57G4Jf\/view?usp=sharing\">OFERTA INICIAL<\/a><\/span><\/strong><\/p>\n<p>Tamb\u00e9 us adjuntem un document amb un recull de les preguntes m\u00e9s freq\u00fcents que ens acostumeu a fer les fam\u00edlies novelles. El trobareu al final a continuaci\u00f3 del link a la nostra presentaci\u00f3.<\/p>\n<p>Desitgem que us agradi!!!<\/p>\n<p>Si teniu alguna pregunta, no dubteu a contactar amb nosaltres \ud83d\ude0a<\/p>\n<p><a href=\"https:\/\/drive.google.com\/file\/d\/1kcWFAgq9NGe40QyN9iZyowJrv-d_6Y9K\/view?usp=sharing\"><span style=\"color: #0000ff;\">PORTES OBERTES 2020\/2021<\/span><\/a><\/p>\n<p><a href=\"https:\/\/agora.xtec.cat\/esc-joaquimruyra-blanes\/wp-content\/uploads\/usu757\/2021\/02\/Educaci\u00f3-infantil-min.jpg\"><img loading=\"lazy\" decoding=\"async\" class=\"alignnone size-large wp-image-12361\" src=\"https:\/\/agora.xtec.cat\/esc-joaquimruyra-blanes\/wp-content\/uploads\/usu757\/2021\/02\/Educaci\u00f3-infantil-min-724x1024.jpg\" alt=\"\" width=\"724\" height=\"1024\" srcset=\"https:\/\/agora.xtec.cat\/esc-joaquimruyra-blanes\/wp-content\/uploads\/usu757\/2021\/02\/Educaci\u00f3-infantil-min-724x1024.jpg 724w, https:\/\/agora.xtec.cat\/esc-joaquimruyra-blanes\/wp-content\/uploads\/usu757\/2021\/02\/Educaci\u00f3-infantil-min-212x300.jpg 212w, https:\/\/agora.xtec.cat\/esc-joaquimruyra-blanes\/wp-content\/uploads\/usu757\/2021\/02\/Educaci\u00f3-infantil-min-768x1086.jpg 768w, https:\/\/agora.xtec.cat\/esc-joaquimruyra-blanes\/wp-content\/uploads\/usu757\/2021\/02\/Educaci\u00f3-infantil-min.jpg 1587w\" sizes=\"auto, (max-width: 724px) 100vw, 724px\" \/><\/a><\/p>\n","protected":false},"excerpt":{"rendered":"<p><a href=\"https:\/\/drive.google.com\/file\/d\/1kcWFAgq9NGe40QyN9iZyowJrv-d_6Y9K\/view?usp=sharing\"><\/a><br \/>\nCliqueu a l&#8217;enlla\u00e7 en blau per poder accedir a la <a href=\"https:\/\/drive.google.com\/file\/d\/1kcWFAgq9NGe40QyN9iZyowJrv-d_6Y9K\/view?usp=sharing\">Presentaci\u00f3\u00a0<\/a> i a tots els seus links, i en aquest altre <a href=\"https:\/\/preinscripcio.gencat.cat\/ca\/estudis\/infantil-3-6\/inici\/\">enlla\u00e7<\/a> per accedir al portal del Departament on trobareu tota la informaci\u00f3 sobre la <a href=\"https:\/\/preinscripcio.gencat.cat\/ca\/estudis\/infantil-3-6\/inici\/\">PREINSCRIPCI\u00d3 2021-2022 per a educaci\u00f3 infantil&hellip;  <a href=\"https:\/\/agora.xtec.cat\/esc-joaquimruyra-blanes\/general\/portes-obertes-virtual\/\" title=\"Read PORTES OBERTES VIRTUAL I PREINSCRIPCI\u00d3\">Llegeix m\u00e9s\u00bb<\/a><\/p>\n","protected":false},"author":10,"featured_media":12355,"comment_status":"closed","ping_status":"closed","sticky":false,"template":"","format":"standard","meta":{"_bbp_topic_count":0,"_bbp_reply_count":0,"_bbp_total_topic_count":0,"_bbp_total_reply_count":0,"_bbp_voice_count":0,"_bbp_anonymous_reply_count":0,"_bbp_topic_count_hidden":0,"_bbp_reply_count_hidden":0,"_bbp_forum_subforum_count":0,"footnotes":""},"categories":[164,1,4],"tags":[],"class_list":["post-12353","post","type-post","status-publish","format-standard","has-post-thumbnail","hentry","category-curs-2020-2021","category-general","category-portada"],"post_mailing_queue_ids":[],"_links":{"self":[{"href":"https:\/\/agora.xtec.cat\/esc-joaquimruyra-blanes\/wp-json\/wp\/v2\/posts\/12353","targetHints":{"allow":["GET"]}}],"collection":[{"href":"https:\/\/agora.xtec.cat\/esc-joaquimruyra-blanes\/wp-json\/wp\/v2\/posts"}],"about":[{"href":"https:\/\/agora.xtec.cat\/esc-joaquimruyra-blanes\/wp-json\/wp\/v2\/types\/post"}],"author":[{"embeddable":true,"href":"https:\/\/agora.xtec.cat\/esc-joaquimruyra-blanes\/wp-json\/wp\/v2\/users\/10"}],"replies":[{"embeddable":true,"href":"https:\/\/agora.xtec.cat\/esc-joaquimruyra-blanes\/wp-json\/wp\/v2\/comments?post=12353"}],"version-history":[{"count":3,"href":"https:\/\/agora.xtec.cat\/esc-joaquimruyra-blanes\/wp-json\/wp\/v2\/posts\/12353\/revisions"}],"predecessor-version":[{"id":12542,"href":"https:\/\/agora.xtec.cat\/esc-joaquimruyra-blanes\/wp-json\/wp\/v2\/posts\/12353\/revisions\/12542"}],"wp:featuredmedia":[{"embeddable":true,"href":"https:\/\/agora.xtec.cat\/esc-joaquimruyra-blanes\/wp-json\/wp\/v2\/media\/12355"}],"wp:attachment":[{"href":"https:\/\/agora.xtec.cat\/esc-joaquimruyra-blanes\/wp-json\/wp\/v2\/media?parent=12353"}],"wp:term":[{"taxonomy":"category","embeddable":true,"href":"https:\/\/agora.xtec.cat\/esc-joaquimruyra-blanes\/wp-json\/wp\/v2\/categories?post=12353"},{"taxonomy":"post_tag","embeddable":true,"href":"https:\/\/agora.xtec.cat\/esc-joaquimruyra-blanes\/wp-json\/wp\/v2\/tags?post=12353"}],"curies":[{"name":"wp","href":"https:\/\/api.w.org\/{rel}","templated":true}]}}