{"id":12335,"date":"2021-02-01T18:05:16","date_gmt":"2021-02-01T17:05:16","guid":{"rendered":"http:\/\/agora.xtec.cat\/esc-joaquimruyra-blanes\/?p=12335"},"modified":"2021-02-01T19:37:20","modified_gmt":"2021-02-01T18:37:20","slug":"educacio-infantil-treballem-la-pau","status":"publish","type":"post","link":"https:\/\/agora.xtec.cat\/esc-joaquimruyra-blanes\/general\/educacio-infantil-treballem-la-pau\/","title":{"rendered":"Educaci\u00f3 Infantil treballem la PAU"},"content":{"rendered":"<p>Benvolgudes fam\u00edlies,<\/p>\n<p>A trav\u00e9s del conte <strong><span style=\"color: #800080;\">&#8220;Paraules boniques&#8221;<\/span> <\/strong>hem reflexionat i hem descobert que hi ha unes paraules que provoquen un somriure en l&#8217;altra persona, unes ganes d&#8217;abra\u00e7ar, una emoci\u00f3 agradable&#8230; A les aules ens hem iniciat a utilitzar-les m\u00e9s sovint. Us animem que a casa tamb\u00e9 les aneu incorporant i&#8230;ja ens explicareu l&#8217;experi\u00e8ncia.<\/p>\n<p><a href=\"https:\/\/agora.xtec.cat\/esc-joaquimruyra-blanes\/wp-content\/uploads\/usu757\/2021\/02\/COLLAGE-treballem-la-pau.jpg\"><img loading=\"lazy\" decoding=\"async\" class=\"aligncenter size-large wp-image-12336\" src=\"https:\/\/agora.xtec.cat\/esc-joaquimruyra-blanes\/wp-content\/uploads\/usu757\/2021\/02\/COLLAGE-treballem-la-pau-1024x819.jpg\" alt=\"\" width=\"1024\" height=\"819\" srcset=\"https:\/\/agora.xtec.cat\/esc-joaquimruyra-blanes\/wp-content\/uploads\/usu757\/2021\/02\/COLLAGE-treballem-la-pau-1024x819.jpg 1024w, https:\/\/agora.xtec.cat\/esc-joaquimruyra-blanes\/wp-content\/uploads\/usu757\/2021\/02\/COLLAGE-treballem-la-pau-300x240.jpg 300w, https:\/\/agora.xtec.cat\/esc-joaquimruyra-blanes\/wp-content\/uploads\/usu757\/2021\/02\/COLLAGE-treballem-la-pau-768x614.jpg 768w\" sizes=\"auto, (max-width: 1024px) 100vw, 1024px\" \/><\/a><\/p>\n","protected":false},"excerpt":{"rendered":"<p>Benvolgudes fam\u00edlies,<br \/>\nA trav\u00e9s del conte &#8220;Paraules boniques&#8221; hem reflexionat i hem descobert que hi ha unes paraules que provoquen un somriure en l&#8217;altra persona, unes ganes d&#8217;abra\u00e7ar, una emoci\u00f3 agradable&#8230; A les aules ens hem iniciat a utilitzar-les m\u00e9s sovint. Us animem que a casa&hellip;  <a href=\"https:\/\/agora.xtec.cat\/esc-joaquimruyra-blanes\/general\/educacio-infantil-treballem-la-pau\/\" title=\"Read Educaci\u00f3 Infantil treballem la PAU\">Llegeix m\u00e9s\u00bb<\/a><\/p>\n","protected":false},"author":1,"featured_media":12336,"comment_status":"closed","ping_status":"closed","sticky":false,"template":"","format":"standard","meta":{"_bbp_topic_count":0,"_bbp_reply_count":0,"_bbp_total_topic_count":0,"_bbp_total_reply_count":0,"_bbp_voice_count":0,"_bbp_anonymous_reply_count":0,"_bbp_topic_count_hidden":0,"_bbp_reply_count_hidden":0,"_bbp_forum_subforum_count":0,"footnotes":""},"categories":[164,1,32,4],"tags":[],"class_list":["post-12335","post","type-post","status-publish","format-standard","has-post-thumbnail","hentry","category-curs-2020-2021","category-general","category-infantil","category-portada"],"post_mailing_queue_ids":[],"_links":{"self":[{"href":"https:\/\/agora.xtec.cat\/esc-joaquimruyra-blanes\/wp-json\/wp\/v2\/posts\/12335","targetHints":{"allow":["GET"]}}],"collection":[{"href":"https:\/\/agora.xtec.cat\/esc-joaquimruyra-blanes\/wp-json\/wp\/v2\/posts"}],"about":[{"href":"https:\/\/agora.xtec.cat\/esc-joaquimruyra-blanes\/wp-json\/wp\/v2\/types\/post"}],"author":[{"embeddable":true,"href":"https:\/\/agora.xtec.cat\/esc-joaquimruyra-blanes\/wp-json\/wp\/v2\/users\/1"}],"replies":[{"embeddable":true,"href":"https:\/\/agora.xtec.cat\/esc-joaquimruyra-blanes\/wp-json\/wp\/v2\/comments?post=12335"}],"version-history":[{"count":3,"href":"https:\/\/agora.xtec.cat\/esc-joaquimruyra-blanes\/wp-json\/wp\/v2\/posts\/12335\/revisions"}],"predecessor-version":[{"id":12339,"href":"https:\/\/agora.xtec.cat\/esc-joaquimruyra-blanes\/wp-json\/wp\/v2\/posts\/12335\/revisions\/12339"}],"wp:featuredmedia":[{"embeddable":true,"href":"https:\/\/agora.xtec.cat\/esc-joaquimruyra-blanes\/wp-json\/wp\/v2\/media\/12336"}],"wp:attachment":[{"href":"https:\/\/agora.xtec.cat\/esc-joaquimruyra-blanes\/wp-json\/wp\/v2\/media?parent=12335"}],"wp:term":[{"taxonomy":"category","embeddable":true,"href":"https:\/\/agora.xtec.cat\/esc-joaquimruyra-blanes\/wp-json\/wp\/v2\/categories?post=12335"},{"taxonomy":"post_tag","embeddable":true,"href":"https:\/\/agora.xtec.cat\/esc-joaquimruyra-blanes\/wp-json\/wp\/v2\/tags?post=12335"}],"curies":[{"name":"wp","href":"https:\/\/api.w.org\/{rel}","templated":true}]}}