{"id":12165,"date":"2020-12-21T09:18:34","date_gmt":"2020-12-21T08:18:34","guid":{"rendered":"http:\/\/agora.xtec.cat\/esc-joaquimruyra-blanes\/?p=12165"},"modified":"2021-01-22T08:36:42","modified_gmt":"2021-01-22T07:36:42","slug":"bones-festes-3","status":"publish","type":"post","link":"https:\/\/agora.xtec.cat\/esc-joaquimruyra-blanes\/general\/bones-festes-3\/","title":{"rendered":"BONES FESTES!!"},"content":{"rendered":"<p><a href=\"https:\/\/agora.xtec.cat\/esc-joaquimruyra-blanes\/wp-content\/uploads\/usu757\/2020\/12\/SJoaquim-Ru20121611410.jpg\"><img loading=\"lazy\" decoding=\"async\" class=\"alignnone size-large wp-image-12171\" src=\"https:\/\/agora.xtec.cat\/esc-joaquimruyra-blanes\/wp-content\/uploads\/usu757\/2020\/12\/SJoaquim-Ru20121611410-724x1024.jpg\" alt=\"\" width=\"724\" height=\"1024\" srcset=\"https:\/\/agora.xtec.cat\/esc-joaquimruyra-blanes\/wp-content\/uploads\/usu757\/2020\/12\/SJoaquim-Ru20121611410-724x1024.jpg 724w, https:\/\/agora.xtec.cat\/esc-joaquimruyra-blanes\/wp-content\/uploads\/usu757\/2020\/12\/SJoaquim-Ru20121611410-212x300.jpg 212w, https:\/\/agora.xtec.cat\/esc-joaquimruyra-blanes\/wp-content\/uploads\/usu757\/2020\/12\/SJoaquim-Ru20121611410-768x1086.jpg 768w\" sizes=\"auto, (max-width: 724px) 100vw, 724px\" \/><\/a><\/p>\n<p>Us desitgem Bones Festes i un Any 2021 ple de bones not\u00edcies i joia!<\/p>\n<p>Clicant al seg\u00fcent enlla\u00e7 trobareu compartida la felicitaci\u00f3 amb moviment. Es esperem que us agradi!!!<\/p>\n<p><a href=\"https:\/\/youtu.be\/u7CJ5XCPGxA\">BONES FESTES!!<\/a><\/p>\n<p>&nbsp;<\/p>\n","protected":false},"excerpt":{"rendered":"<p><a href=\"https:\/\/agora.xtec.cat\/esc-joaquimruyra-blanes\/wp-content\/uploads\/usu757\/2020\/12\/SJoaquim-Ru20121611410.jpg\"><\/a><br \/>\nUs desitgem Bones Festes i un Any 2021 ple de bones not\u00edcies i joia!<br \/>\nClicant al seg\u00fcent enlla\u00e7 trobareu compartida la felicitaci\u00f3 amb moviment. Es esperem que us agradi!!!<br \/>\n<a href=\"https:\/\/youtu.be\/u7CJ5XCPGxA\">BONES FESTES!!<\/a><br \/>\n&nbsp;<\/p>\n","protected":false},"author":10,"featured_media":12171,"comment_status":"closed","ping_status":"closed","sticky":false,"template":"","format":"standard","meta":{"_bbp_topic_count":0,"_bbp_reply_count":0,"_bbp_total_topic_count":0,"_bbp_total_reply_count":0,"_bbp_voice_count":0,"_bbp_anonymous_reply_count":0,"_bbp_topic_count_hidden":0,"_bbp_reply_count_hidden":0,"_bbp_forum_subforum_count":0,"footnotes":""},"categories":[107,164,1,32,4,39],"tags":[],"class_list":["post-12165","post","type-post","status-publish","format-standard","has-post-thumbnail","hentry","category-apadrinem-la-platja-de-la-vila","category-curs-2020-2021","category-general","category-infantil","category-portada","category-primaria"],"post_mailing_queue_ids":[],"_links":{"self":[{"href":"https:\/\/agora.xtec.cat\/esc-joaquimruyra-blanes\/wp-json\/wp\/v2\/posts\/12165","targetHints":{"allow":["GET"]}}],"collection":[{"href":"https:\/\/agora.xtec.cat\/esc-joaquimruyra-blanes\/wp-json\/wp\/v2\/posts"}],"about":[{"href":"https:\/\/agora.xtec.cat\/esc-joaquimruyra-blanes\/wp-json\/wp\/v2\/types\/post"}],"author":[{"embeddable":true,"href":"https:\/\/agora.xtec.cat\/esc-joaquimruyra-blanes\/wp-json\/wp\/v2\/users\/10"}],"replies":[{"embeddable":true,"href":"https:\/\/agora.xtec.cat\/esc-joaquimruyra-blanes\/wp-json\/wp\/v2\/comments?post=12165"}],"version-history":[{"count":3,"href":"https:\/\/agora.xtec.cat\/esc-joaquimruyra-blanes\/wp-json\/wp\/v2\/posts\/12165\/revisions"}],"predecessor-version":[{"id":12176,"href":"https:\/\/agora.xtec.cat\/esc-joaquimruyra-blanes\/wp-json\/wp\/v2\/posts\/12165\/revisions\/12176"}],"wp:featuredmedia":[{"embeddable":true,"href":"https:\/\/agora.xtec.cat\/esc-joaquimruyra-blanes\/wp-json\/wp\/v2\/media\/12171"}],"wp:attachment":[{"href":"https:\/\/agora.xtec.cat\/esc-joaquimruyra-blanes\/wp-json\/wp\/v2\/media?parent=12165"}],"wp:term":[{"taxonomy":"category","embeddable":true,"href":"https:\/\/agora.xtec.cat\/esc-joaquimruyra-blanes\/wp-json\/wp\/v2\/categories?post=12165"},{"taxonomy":"post_tag","embeddable":true,"href":"https:\/\/agora.xtec.cat\/esc-joaquimruyra-blanes\/wp-json\/wp\/v2\/tags?post=12165"}],"curies":[{"name":"wp","href":"https:\/\/api.w.org\/{rel}","templated":true}]}}