{"id":113,"count":3,"description":"Els alumnes de primer de prim\u00e0ria acompanyen el seu proc\u00e9s lector amb els seus padrins de quart de prim\u00e0ria. Junts dedicaran una sessi\u00f3 setmanal a seguir creixent en l'h\u00e0bit i gust per la lectura.\r\nEscoltem, llegim, compartim, expliquem, creixem...","link":"https:\/\/agora.xtec.cat\/esc-joancasas\/tag\/pla-lector\/","name":"Pla de lectura: apadrinament lector","slug":"pla-lector","taxonomy":"post_tag","meta":[],"_links":{"self":[{"href":"https:\/\/agora.xtec.cat\/esc-joancasas\/wp-json\/wp\/v2\/tags\/113","targetHints":{"allow":["GET"]}}],"collection":[{"href":"https:\/\/agora.xtec.cat\/esc-joancasas\/wp-json\/wp\/v2\/tags"}],"about":[{"href":"https:\/\/agora.xtec.cat\/esc-joancasas\/wp-json\/wp\/v2\/taxonomies\/post_tag"}],"wp:post_type":[{"href":"https:\/\/agora.xtec.cat\/esc-joancasas\/wp-json\/wp\/v2\/posts?tags=113"}],"curies":[{"name":"wp","href":"https:\/\/api.w.org\/{rel}","templated":true}]}}