{"id":9864,"date":"2018-10-08T12:13:40","date_gmt":"2018-10-08T10:13:40","guid":{"rendered":"http:\/\/agora.xtec.cat\/esc-joancasas\/?p=9864"},"modified":"2018-11-15T16:41:35","modified_gmt":"2018-11-15T15:41:35","slug":"apadrinament-del-patrimoni-catala","status":"publish","type":"post","link":"https:\/\/agora.xtec.cat\/esc-joancasas\/portada\/general\/apadrinament-del-patrimoni-catala\/","title":{"rendered":"Apadrinament del Patrimoni Catal\u00e0"},"content":{"rendered":"<p>El programa <em>Apadrinem el nostre patrimoni<\/em> \u00e9s un projecte d&#8217;innovaci\u00f3 basat en la idea de l\u2019apadrinament d\u2019un element patrimonial per part d&#8217;un centre educatiu.\u00a0 En el nostre cas, ja per quart any consecutiu treballem El Safareig de Sant Antoni de Vilamajor.<\/p>\n<p>\u00c9s un punt de refer\u00e8ncia per les sortides de l&#8217;entorn, \u00e9s un motiu m\u00e9s de valor al nostre municipi i des de cicle superior es treballa com inici i font d&#8217;inspiraci\u00f3 en la recerca hist\u00f2rica que representa.<\/p>\n<p>Hem establert un codi QR, i la nostra pretenci\u00f3 \u00e9s linkar la informaci\u00f3 de recerca al Web d&#8217;escola, que un cop m\u00e9s, documenta moltes de les din\u00e0miques que es realitzen des d&#8217;escola.<\/p>\n<p>S\u00f3n moltes les escoles que hi participen aqu\u00ed us deixem un mapa de les nostres proximitats i un link per a m\u00e9s informaci\u00f3: <a href=\"http:\/\/xtec.gencat.cat\/ca\/projectes\/apadrinemnostrepatrimoni\/elementsapadrinats\/\">http:\/\/xtec.gencat.cat\/ca\/projectes\/apadrinemnostrepatrimoni\/elementsapadrinats\/<\/a><\/p>\n<p><a href=\"https:\/\/agora.xtec.cat\/esc-joancasas\/wp-content\/uploads\/usu1722\/2018\/10\/apadrinem-el-nostre-territori.jpg\"><img loading=\"lazy\" decoding=\"async\" class=\"alignnone size-full wp-image-9865\" src=\"https:\/\/agora.xtec.cat\/esc-joancasas\/wp-content\/uploads\/usu1722\/2018\/10\/apadrinem-el-nostre-territori.jpg\" alt=\"\" width=\"766\" height=\"482\" srcset=\"https:\/\/agora.xtec.cat\/esc-joancasas\/wp-content\/uploads\/usu1722\/2018\/10\/apadrinem-el-nostre-territori.jpg 766w, https:\/\/agora.xtec.cat\/esc-joancasas\/wp-content\/uploads\/usu1722\/2018\/10\/apadrinem-el-nostre-territori-300x189.jpg 300w\" sizes=\"auto, (max-width: 766px) 100vw, 766px\" \/><\/a><\/p>\n","protected":false},"excerpt":{"rendered":"<p>El programa Apadrinem el nostre patrimoni \u00e9s un projecte d&#8217;innovaci\u00f3 basat en la idea de l\u2019apadrinament d\u2019un element patrimonial per part d&#8217;un centre educatiu.\u00a0 En el nostre cas, ja per quart any consecutiu treballem El Safareig de Sant Antoni de Vilamajor. \u00c9s un punt de refer\u00e8ncia per les sortides de l&#8217;entorn, \u00e9s un motiu m\u00e9s [&hellip;]<\/p>\n","protected":false},"author":1,"featured_media":9866,"comment_status":"open","ping_status":"closed","sticky":false,"template":"","format":"standard","meta":{"_bbp_topic_count":0,"_bbp_reply_count":0,"_bbp_total_topic_count":0,"_bbp_total_reply_count":0,"_bbp_voice_count":0,"_bbp_anonymous_reply_count":0,"_bbp_topic_count_hidden":0,"_bbp_reply_count_hidden":0,"_bbp_forum_subforum_count":0,"site-sidebar-layout":"default","site-content-layout":"","ast-site-content-layout":"","site-content-style":"default","site-sidebar-style":"default","ast-global-header-display":"","ast-banner-title-visibility":"","ast-main-header-display":"","ast-hfb-above-header-display":"","ast-hfb-below-header-display":"","ast-hfb-mobile-header-display":"","site-post-title":"","ast-breadcrumbs-content":"","ast-featured-img":"","footer-sml-layout":"","theme-transparent-header-meta":"","adv-header-id-meta":"","stick-header-meta":"","header-above-stick-meta":"","header-main-stick-meta":"","header-below-stick-meta":"","astra-migrate-meta-layouts":"default","ast-page-background-enabled":"default","ast-page-background-meta":{"desktop":{"background-color":"var(--ast-global-color-4)","background-image":"","background-repeat":"repeat","background-position":"center center","background-size":"auto","background-attachment":"scroll","background-type":"","background-media":"","overlay-type":"","overlay-color":"","overlay-opacity":"","overlay-gradient":""},"tablet":{"background-color":"","background-image":"","background-repeat":"repeat","background-position":"center center","background-size":"auto","background-attachment":"scroll","background-type":"","background-media":"","overlay-type":"","overlay-color":"","overlay-opacity":"","overlay-gradient":""},"mobile":{"background-color":"","background-image":"","background-repeat":"repeat","background-position":"center center","background-size":"auto","background-attachment":"scroll","background-type":"","background-media":"","overlay-type":"","overlay-color":"","overlay-opacity":"","overlay-gradient":""}},"ast-content-background-meta":{"desktop":{"background-color":"var(--ast-global-color-5)","background-image":"","background-repeat":"repeat","background-position":"center center","background-size":"auto","background-attachment":"scroll","background-type":"","background-media":"","overlay-type":"","overlay-color":"","overlay-opacity":"","overlay-gradient":""},"tablet":{"background-color":"var(--ast-global-color-5)","background-image":"","background-repeat":"repeat","background-position":"center center","background-size":"auto","background-attachment":"scroll","background-type":"","background-media":"","overlay-type":"","overlay-color":"","overlay-opacity":"","overlay-gradient":""},"mobile":{"background-color":"var(--ast-global-color-5)","background-image":"","background-repeat":"repeat","background-position":"center center","background-size":"auto","background-attachment":"scroll","background-type":"","background-media":"","overlay-type":"","overlay-color":"","overlay-opacity":"","overlay-gradient":""}},"footnotes":""},"categories":[1,4],"tags":[75,135],"class_list":["post-9864","post","type-post","status-publish","format-standard","has-post-thumbnail","hentry","category-general","category-portada","tag-fem-poble","tag-projectes-innovacio"],"post_mailing_queue_ids":[],"_links":{"self":[{"href":"https:\/\/agora.xtec.cat\/esc-joancasas\/wp-json\/wp\/v2\/posts\/9864","targetHints":{"allow":["GET"]}}],"collection":[{"href":"https:\/\/agora.xtec.cat\/esc-joancasas\/wp-json\/wp\/v2\/posts"}],"about":[{"href":"https:\/\/agora.xtec.cat\/esc-joancasas\/wp-json\/wp\/v2\/types\/post"}],"author":[{"embeddable":true,"href":"https:\/\/agora.xtec.cat\/esc-joancasas\/wp-json\/wp\/v2\/users\/1"}],"replies":[{"embeddable":true,"href":"https:\/\/agora.xtec.cat\/esc-joancasas\/wp-json\/wp\/v2\/comments?post=9864"}],"version-history":[{"count":2,"href":"https:\/\/agora.xtec.cat\/esc-joancasas\/wp-json\/wp\/v2\/posts\/9864\/revisions"}],"predecessor-version":[{"id":9868,"href":"https:\/\/agora.xtec.cat\/esc-joancasas\/wp-json\/wp\/v2\/posts\/9864\/revisions\/9868"}],"wp:featuredmedia":[{"embeddable":true,"href":"https:\/\/agora.xtec.cat\/esc-joancasas\/wp-json\/wp\/v2\/media\/9866"}],"wp:attachment":[{"href":"https:\/\/agora.xtec.cat\/esc-joancasas\/wp-json\/wp\/v2\/media?parent=9864"}],"wp:term":[{"taxonomy":"category","embeddable":true,"href":"https:\/\/agora.xtec.cat\/esc-joancasas\/wp-json\/wp\/v2\/categories?post=9864"},{"taxonomy":"post_tag","embeddable":true,"href":"https:\/\/agora.xtec.cat\/esc-joancasas\/wp-json\/wp\/v2\/tags?post=9864"}],"curies":[{"name":"wp","href":"https:\/\/api.w.org\/{rel}","templated":true}]}}