{"id":9584,"date":"2018-07-10T23:22:07","date_gmt":"2018-07-10T21:22:07","guid":{"rendered":"http:\/\/agora.xtec.cat\/esc-joancasas\/?p=9584"},"modified":"2018-08-27T17:42:04","modified_gmt":"2018-08-27T15:42:04","slug":"final-de-curs-uns-reptes-mes-acumulats","status":"publish","type":"post","link":"https:\/\/agora.xtec.cat\/esc-joancasas\/portada\/general\/final-de-curs-uns-reptes-mes-acumulats\/","title":{"rendered":"Final de curs: uns reptes m\u00e9s acumulats"},"content":{"rendered":"<p>Deixem enrere un curs m\u00e9s ple d&#8217;emocions i donem un bon comiat als alumnes de sis\u00e8 que segueixen el cam\u00ed de l&#8217;aprenentatge a l&#8217;etapa secund\u00e0ria. Han guanyat autonomia, han anat creixent al pas de la prim\u00e0ria, aix\u00ed que estem orgulloses de com marxen els nostres benvinguts per sempre ex alumnes. Per la resta destacar, els vincles i els grans somriures que ens han acompanyat durant tot el curs. Hem tingut mestres que en el seu pas per l&#8217;Escola Joan Casas han deixat llavors d&#8217;implicaci\u00f3 i comprom\u00eds, hem tingut alumnes respectuosos amb els altres, participatius, voluntariosos i molt engrescats en el joc i en la lectura. Aix\u00ed que tot plegat motiva, tot plegat engresca nous projectes i per tot plegat us donem les gr\u00e0cies. Tots vosaltres ho feu possible, dia a dia.<\/p>\n<p><a href=\"http:\/\/agora.xtec.cat\/esc-joancasas\/wp-content\/uploads\/usu1722\/2018\/07\/Fitxer_000.jpeg\"><img loading=\"lazy\" decoding=\"async\" class=\"wp-image-9623 size-medium aligncenter\" src=\"http:\/\/agora.xtec.cat\/esc-joancasas\/wp-content\/uploads\/usu1722\/2018\/07\/Fitxer_000-300x225.jpeg\" alt=\"\" width=\"300\" height=\"225\" srcset=\"https:\/\/agora.xtec.cat\/esc-joancasas\/wp-content\/uploads\/usu1722\/2018\/07\/Fitxer_000-300x225.jpeg 300w, https:\/\/agora.xtec.cat\/esc-joancasas\/wp-content\/uploads\/usu1722\/2018\/07\/Fitxer_000-768x576.jpeg 768w, https:\/\/agora.xtec.cat\/esc-joancasas\/wp-content\/uploads\/usu1722\/2018\/07\/Fitxer_000-1024x768.jpeg 1024w, https:\/\/agora.xtec.cat\/esc-joancasas\/wp-content\/uploads\/usu1722\/2018\/07\/Fitxer_000-200x150.jpeg 200w\" sizes=\"auto, (max-width: 300px) 100vw, 300px\" \/><\/a><\/p>\n","protected":false},"excerpt":{"rendered":"<p>Deixem enrere un curs m\u00e9s ple d&#8217;emocions i donem un bon comiat als alumnes de sis\u00e8 que segueixen el cam\u00ed de l&#8217;aprenentatge a l&#8217;etapa secund\u00e0ria. Han guanyat autonomia, han anat creixent al pas de la prim\u00e0ria, aix\u00ed que estem orgulloses de com marxen els nostres benvinguts per sempre ex alumnes. Per la resta destacar, els [&hellip;]<\/p>\n","protected":false},"author":1,"featured_media":9623,"comment_status":"open","ping_status":"closed","sticky":false,"template":"","format":"standard","meta":{"_bbp_topic_count":0,"_bbp_reply_count":0,"_bbp_total_topic_count":0,"_bbp_total_reply_count":0,"_bbp_voice_count":0,"_bbp_anonymous_reply_count":0,"_bbp_topic_count_hidden":0,"_bbp_reply_count_hidden":0,"_bbp_forum_subforum_count":0,"site-sidebar-layout":"default","site-content-layout":"","ast-site-content-layout":"","site-content-style":"default","site-sidebar-style":"default","ast-global-header-display":"","ast-banner-title-visibility":"","ast-main-header-display":"","ast-hfb-above-header-display":"","ast-hfb-below-header-display":"","ast-hfb-mobile-header-display":"","site-post-title":"","ast-breadcrumbs-content":"","ast-featured-img":"","footer-sml-layout":"","theme-transparent-header-meta":"","adv-header-id-meta":"","stick-header-meta":"","header-above-stick-meta":"","header-main-stick-meta":"","header-below-stick-meta":"","astra-migrate-meta-layouts":"default","ast-page-background-enabled":"default","ast-page-background-meta":{"desktop":{"background-color":"var(--ast-global-color-4)","background-image":"","background-repeat":"repeat","background-position":"center center","background-size":"auto","background-attachment":"scroll","background-type":"","background-media":"","overlay-type":"","overlay-color":"","overlay-opacity":"","overlay-gradient":""},"tablet":{"background-color":"","background-image":"","background-repeat":"repeat","background-position":"center center","background-size":"auto","background-attachment":"scroll","background-type":"","background-media":"","overlay-type":"","overlay-color":"","overlay-opacity":"","overlay-gradient":""},"mobile":{"background-color":"","background-image":"","background-repeat":"repeat","background-position":"center center","background-size":"auto","background-attachment":"scroll","background-type":"","background-media":"","overlay-type":"","overlay-color":"","overlay-opacity":"","overlay-gradient":""}},"ast-content-background-meta":{"desktop":{"background-color":"var(--ast-global-color-5)","background-image":"","background-repeat":"repeat","background-position":"center center","background-size":"auto","background-attachment":"scroll","background-type":"","background-media":"","overlay-type":"","overlay-color":"","overlay-opacity":"","overlay-gradient":""},"tablet":{"background-color":"var(--ast-global-color-5)","background-image":"","background-repeat":"repeat","background-position":"center center","background-size":"auto","background-attachment":"scroll","background-type":"","background-media":"","overlay-type":"","overlay-color":"","overlay-opacity":"","overlay-gradient":""},"mobile":{"background-color":"var(--ast-global-color-5)","background-image":"","background-repeat":"repeat","background-position":"center center","background-size":"auto","background-attachment":"scroll","background-type":"","background-media":"","overlay-type":"","overlay-color":"","overlay-opacity":"","overlay-gradient":""}},"footnotes":""},"categories":[1,4],"tags":[],"class_list":["post-9584","post","type-post","status-publish","format-standard","has-post-thumbnail","hentry","category-general","category-portada"],"post_mailing_queue_ids":[],"_links":{"self":[{"href":"https:\/\/agora.xtec.cat\/esc-joancasas\/wp-json\/wp\/v2\/posts\/9584","targetHints":{"allow":["GET"]}}],"collection":[{"href":"https:\/\/agora.xtec.cat\/esc-joancasas\/wp-json\/wp\/v2\/posts"}],"about":[{"href":"https:\/\/agora.xtec.cat\/esc-joancasas\/wp-json\/wp\/v2\/types\/post"}],"author":[{"embeddable":true,"href":"https:\/\/agora.xtec.cat\/esc-joancasas\/wp-json\/wp\/v2\/users\/1"}],"replies":[{"embeddable":true,"href":"https:\/\/agora.xtec.cat\/esc-joancasas\/wp-json\/wp\/v2\/comments?post=9584"}],"version-history":[{"count":3,"href":"https:\/\/agora.xtec.cat\/esc-joancasas\/wp-json\/wp\/v2\/posts\/9584\/revisions"}],"predecessor-version":[{"id":9626,"href":"https:\/\/agora.xtec.cat\/esc-joancasas\/wp-json\/wp\/v2\/posts\/9584\/revisions\/9626"}],"wp:featuredmedia":[{"embeddable":true,"href":"https:\/\/agora.xtec.cat\/esc-joancasas\/wp-json\/wp\/v2\/media\/9623"}],"wp:attachment":[{"href":"https:\/\/agora.xtec.cat\/esc-joancasas\/wp-json\/wp\/v2\/media?parent=9584"}],"wp:term":[{"taxonomy":"category","embeddable":true,"href":"https:\/\/agora.xtec.cat\/esc-joancasas\/wp-json\/wp\/v2\/categories?post=9584"},{"taxonomy":"post_tag","embeddable":true,"href":"https:\/\/agora.xtec.cat\/esc-joancasas\/wp-json\/wp\/v2\/tags?post=9584"}],"curies":[{"name":"wp","href":"https:\/\/api.w.org\/{rel}","templated":true}]}}